{"id":182869,"date":"2020-08-10T09:30:39","date_gmt":"2020-08-10T12:30:39","guid":{"rendered":"https:\/\/www.caririemacao.com\/1\/?p=182869"},"modified":"2020-08-10T09:30:39","modified_gmt":"2020-08-10T12:30:39","slug":"filho-e-conduzido-a-delegacia-apos-fazer-ameacas-ao-seu-pai","status":"publish","type":"post","link":"https:\/\/www.caririemacao.com\/1\/2020\/08\/10\/filho-e-conduzido-a-delegacia-apos-fazer-ameacas-ao-seu-pai\/","title":{"rendered":"Filho \u00e9 conduzido \u00e0 delegacia ap\u00f3s fazer amea\u00e7as ao seu pai"},"content":{"rendered":"\n<p>Por volta das 19h15min a Pol\u00edcia Militar foi acionada via COPOM para atender uma ocorr\u00eancia de viol\u00eancia dom\u00e9stica no Alto de S\u00e3o Vicente, os policiais ao chegarem no local encontraram o solicitante de 52 anos de idade, a v\u00edtima de 53 anos de idade e o acusado de 33 anos, o qual havia amea\u00e7ado seu pai. O acusado estava bastante alterado e foi necess\u00e1rio o uso progressivo da for\u00e7a para conter e encaminhar o mesmo para a Delegacia de Pol\u00edcia Civil de Monteiro.<\/p>\n\n\n\n<p><em>11\u00ba BPM \u2013 Batalh\u00e3o 1\u00ba SGT Ylton Sales Silva<\/em><br><em>Se\u00e7\u00e3o de Comunica\u00e7\u00e3o Social e Marketing Institucional do 11\u00ba BPM<\/em><\/p>\n","protected":false},"excerpt":{"rendered":"<p>Por volta das 19h15min a Pol\u00edcia Militar foi acionada via COPOM para atender uma ocorr\u00eancia de viol\u00eancia dom\u00e9stica no Alto de S\u00e3o Vicente, os policiais&hellip; <\/p>\n","protected":false},"author":1,"featured_media":180616,"comment_status":"closed","ping_status":"closed","sticky":false,"template":"","format":"standard","meta":{"sfsi_plus_gutenberg_text_before_share":"","sfsi_plus_gutenberg_show_text_before_share":"","sfsi_plus_gutenberg_icon_type":"","sfsi_plus_gutenberg_icon_alignemt":"","sfsi_plus_gutenburg_max_per_row":"","footnotes":""},"categories":[6,12],"tags":[],"class_list":["post-182869","post","type-post","status-publish","format-standard","has-post-thumbnail","hentry","category-cidades","category-policia"],"_links":{"self":[{"href":"https:\/\/www.caririemacao.com\/1\/wp-json\/wp\/v2\/posts\/182869","targetHints":{"allow":["GET"]}}],"collection":[{"href":"https:\/\/www.caririemacao.com\/1\/wp-json\/wp\/v2\/posts"}],"about":[{"href":"https:\/\/www.caririemacao.com\/1\/wp-json\/wp\/v2\/types\/post"}],"author":[{"embeddable":true,"href":"https:\/\/www.caririemacao.com\/1\/wp-json\/wp\/v2\/users\/1"}],"replies":[{"embeddable":true,"href":"https:\/\/www.caririemacao.com\/1\/wp-json\/wp\/v2\/comments?post=182869"}],"version-history":[{"count":1,"href":"https:\/\/www.caririemacao.com\/1\/wp-json\/wp\/v2\/posts\/182869\/revisions"}],"predecessor-version":[{"id":182870,"href":"https:\/\/www.caririemacao.com\/1\/wp-json\/wp\/v2\/posts\/182869\/revisions\/182870"}],"wp:featuredmedia":[{"embeddable":true,"href":"https:\/\/www.caririemacao.com\/1\/wp-json\/wp\/v2\/media\/180616"}],"wp:attachment":[{"href":"https:\/\/www.caririemacao.com\/1\/wp-json\/wp\/v2\/media?parent=182869"}],"wp:term":[{"taxonomy":"category","embeddable":true,"href":"https:\/\/www.caririemacao.com\/1\/wp-json\/wp\/v2\/categories?post=182869"},{"taxonomy":"post_tag","embeddable":true,"href":"https:\/\/www.caririemacao.com\/1\/wp-json\/wp\/v2\/tags?post=182869"}],"curies":[{"name":"wp","href":"https:\/\/api.w.org\/{rel}","templated":true}]}}