{"id":182879,"date":"2020-08-10T10:05:20","date_gmt":"2020-08-10T13:05:20","guid":{"rendered":"https:\/\/www.caririemacao.com\/1\/?p=182879"},"modified":"2020-08-10T10:05:20","modified_gmt":"2020-08-10T13:05:20","slug":"presidente-do-stf-e-internado-em-brasilia","status":"publish","type":"post","link":"https:\/\/www.caririemacao.com\/1\/2020\/08\/10\/presidente-do-stf-e-internado-em-brasilia\/","title":{"rendered":"Presidente do STF \u00e9 internado em Bras\u00edlia"},"content":{"rendered":"\n<h2 class=\"wp-block-heading\"><\/h2>\n\n\n\n<p>O presidente do STF (Supremo Tribunal Federal), ministro Dias Toffoli, foi internado nesse domingo (9) em um hospital particular de Bras\u00edlia com um quadro de pneumonite al\u00e9rgica.<img decoding=\"async\" data-src=\"https:\/\/agenciabrasil.ebc.com.br\/ebc.png?id=1313311&amp;o=node\" src=\"data:image\/svg+xml;base64,PHN2ZyB3aWR0aD0iMSIgaGVpZ2h0PSIxIiB4bWxucz0iaHR0cDovL3d3dy53My5vcmcvMjAwMC9zdmciPjwvc3ZnPg==\" class=\"lazyload\"><img decoding=\"async\" data-src=\"https:\/\/agenciabrasil.ebc.com.br\/ebc.gif?id=1313311&amp;o=node\" src=\"data:image\/svg+xml;base64,PHN2ZyB3aWR0aD0iMSIgaGVpZ2h0PSIxIiB4bWxucz0iaHR0cDovL3d3dy53My5vcmcvMjAwMC9zdmciPjwvc3ZnPg==\" class=\"lazyload\"><\/p>\n\n\n\n<p>Segundo nota divulgada ontem pela assessoria de imprensa do STF, o ministro testou negativo para covid-19 e despachar\u00e1 normalmente durante a interna\u00e7\u00e3o.<\/p>\n\n\n\n<h2 class=\"wp-block-heading\">Pneumonite<\/h2>\n\n\n\n<p>A pneumonite por hipersensibilidade \u00e9 um tipo de inflama\u00e7\u00e3o dentro e ao redor dos pequenos sacos de ar (alv\u00e9olos) e das menores vias a\u00e9reas (bronqu\u00edolos) dos pulm\u00f5es provocada por uma rea\u00e7\u00e3o de hipersensibilidade \u00e0 inala\u00e7\u00e3o de poeiras org\u00e2nicas ou, menos frequentemente, de subst\u00e2ncias qu\u00edmicas.<\/p>\n\n\n\n<p>Essa hipersensibilidade dos pulm\u00f5es provoca tosse, febre, calafrios e falta de ar algumas horas ap\u00f3s o contato com a subst\u00e2ncia.<\/p>\n","protected":false},"excerpt":{"rendered":"<p>O presidente do STF (Supremo Tribunal Federal), ministro Dias Toffoli, foi internado nesse domingo (9) em um hospital particular de Bras\u00edlia com um quadro de&hellip; <\/p>\n","protected":false},"author":2,"featured_media":182880,"comment_status":"closed","ping_status":"closed","sticky":false,"template":"","format":"standard","meta":{"sfsi_plus_gutenberg_text_before_share":"","sfsi_plus_gutenberg_show_text_before_share":"","sfsi_plus_gutenberg_icon_type":"","sfsi_plus_gutenberg_icon_alignemt":"","sfsi_plus_gutenburg_max_per_row":"","footnotes":""},"categories":[2],"tags":[],"class_list":["post-182879","post","type-post","status-publish","format-standard","has-post-thumbnail","hentry","category-geral"],"_links":{"self":[{"href":"https:\/\/www.caririemacao.com\/1\/wp-json\/wp\/v2\/posts\/182879","targetHints":{"allow":["GET"]}}],"collection":[{"href":"https:\/\/www.caririemacao.com\/1\/wp-json\/wp\/v2\/posts"}],"about":[{"href":"https:\/\/www.caririemacao.com\/1\/wp-json\/wp\/v2\/types\/post"}],"author":[{"embeddable":true,"href":"https:\/\/www.caririemacao.com\/1\/wp-json\/wp\/v2\/users\/2"}],"replies":[{"embeddable":true,"href":"https:\/\/www.caririemacao.com\/1\/wp-json\/wp\/v2\/comments?post=182879"}],"version-history":[{"count":1,"href":"https:\/\/www.caririemacao.com\/1\/wp-json\/wp\/v2\/posts\/182879\/revisions"}],"predecessor-version":[{"id":182881,"href":"https:\/\/www.caririemacao.com\/1\/wp-json\/wp\/v2\/posts\/182879\/revisions\/182881"}],"wp:featuredmedia":[{"embeddable":true,"href":"https:\/\/www.caririemacao.com\/1\/wp-json\/wp\/v2\/media\/182880"}],"wp:attachment":[{"href":"https:\/\/www.caririemacao.com\/1\/wp-json\/wp\/v2\/media?parent=182879"}],"wp:term":[{"taxonomy":"category","embeddable":true,"href":"https:\/\/www.caririemacao.com\/1\/wp-json\/wp\/v2\/categories?post=182879"},{"taxonomy":"post_tag","embeddable":true,"href":"https:\/\/www.caririemacao.com\/1\/wp-json\/wp\/v2\/tags?post=182879"}],"curies":[{"name":"wp","href":"https:\/\/api.w.org\/{rel}","templated":true}]}}