{"id":182883,"date":"2020-08-10T10:10:27","date_gmt":"2020-08-10T13:10:27","guid":{"rendered":"https:\/\/www.caririemacao.com\/1\/?p=182883"},"modified":"2020-08-10T10:10:27","modified_gmt":"2020-08-10T13:10:27","slug":"homem-e-preso-com-mais-de-300-trouxinhas-de-maconha-em-santa-rita","status":"publish","type":"post","link":"https:\/\/www.caririemacao.com\/1\/2020\/08\/10\/homem-e-preso-com-mais-de-300-trouxinhas-de-maconha-em-santa-rita\/","title":{"rendered":"Homem \u00e9 preso com mais de 300 trouxinhas de maconha em Santa Rita"},"content":{"rendered":"\n<h1 class=\"wp-block-heading\"><\/h1>\n\n\n\n<p>A Pol\u00edcia Militar apreendeu mais de 300 trouxinhas de maconha prontas para a venda e 20 pedras de crack com um suspeito de 21 anos, nesse domingo (9), em a\u00e7\u00e3o realizada na cidade de Santa Rita. O acusado, que foi flagrado com as drogas, foi preso pela segunda vez este ano, j\u00e1 que em maio foi detido por porte ilegal de arma e respondia ao processo em liberdade, na 5\u00aa Vara de Santa Rita.<\/p>\n\n\n\n<p>A abordagem ao suspeito nesse domingo foi realizada pelos policiais da For\u00e7a T\u00e1tica do 7\u00b0 Batalh\u00e3o, que realizavam rondas no distrito de V\u00e1rzea Nova e se depararam com o acusado. Ele apresentou atitude suspeita ao perceber a presen\u00e7a da PM e na revista foi flagrado com as drogas.<\/p>\n\n\n\n<p>O preso foi apresentado na 6\u00aa Delegacia Distrital, em Santa Rita.<\/p>\n","protected":false},"excerpt":{"rendered":"<p>A Pol\u00edcia Militar apreendeu mais de 300 trouxinhas de maconha prontas para a venda e 20 pedras de crack com um suspeito de 21 anos,&hellip; <\/p>\n","protected":false},"author":2,"featured_media":182884,"comment_status":"closed","ping_status":"closed","sticky":false,"template":"","format":"standard","meta":{"sfsi_plus_gutenberg_text_before_share":"","sfsi_plus_gutenberg_show_text_before_share":"","sfsi_plus_gutenberg_icon_type":"","sfsi_plus_gutenberg_icon_alignemt":"","sfsi_plus_gutenburg_max_per_row":"","footnotes":""},"categories":[12],"tags":[],"class_list":["post-182883","post","type-post","status-publish","format-standard","has-post-thumbnail","hentry","category-policia"],"_links":{"self":[{"href":"https:\/\/www.caririemacao.com\/1\/wp-json\/wp\/v2\/posts\/182883","targetHints":{"allow":["GET"]}}],"collection":[{"href":"https:\/\/www.caririemacao.com\/1\/wp-json\/wp\/v2\/posts"}],"about":[{"href":"https:\/\/www.caririemacao.com\/1\/wp-json\/wp\/v2\/types\/post"}],"author":[{"embeddable":true,"href":"https:\/\/www.caririemacao.com\/1\/wp-json\/wp\/v2\/users\/2"}],"replies":[{"embeddable":true,"href":"https:\/\/www.caririemacao.com\/1\/wp-json\/wp\/v2\/comments?post=182883"}],"version-history":[{"count":1,"href":"https:\/\/www.caririemacao.com\/1\/wp-json\/wp\/v2\/posts\/182883\/revisions"}],"predecessor-version":[{"id":182885,"href":"https:\/\/www.caririemacao.com\/1\/wp-json\/wp\/v2\/posts\/182883\/revisions\/182885"}],"wp:featuredmedia":[{"embeddable":true,"href":"https:\/\/www.caririemacao.com\/1\/wp-json\/wp\/v2\/media\/182884"}],"wp:attachment":[{"href":"https:\/\/www.caririemacao.com\/1\/wp-json\/wp\/v2\/media?parent=182883"}],"wp:term":[{"taxonomy":"category","embeddable":true,"href":"https:\/\/www.caririemacao.com\/1\/wp-json\/wp\/v2\/categories?post=182883"},{"taxonomy":"post_tag","embeddable":true,"href":"https:\/\/www.caririemacao.com\/1\/wp-json\/wp\/v2\/tags?post=182883"}],"curies":[{"name":"wp","href":"https:\/\/api.w.org\/{rel}","templated":true}]}}