{"id":182887,"date":"2020-08-10T12:52:52","date_gmt":"2020-08-10T15:52:52","guid":{"rendered":"https:\/\/www.caririemacao.com\/1\/?p=182887"},"modified":"2020-08-10T12:52:52","modified_gmt":"2020-08-10T15:52:52","slug":"pm-recupera-moto-e-arma-branca-supostamente-usada-no-crime-de-feminicidio-na-cidade-de-zabele","status":"publish","type":"post","link":"https:\/\/www.caririemacao.com\/1\/2020\/08\/10\/pm-recupera-moto-e-arma-branca-supostamente-usada-no-crime-de-feminicidio-na-cidade-de-zabele\/","title":{"rendered":"PM recupera moto e arma branca supostamente usada no crime de feminic\u00eddio na cidade de Zabel\u00ea"},"content":{"rendered":"\n<p>Por volta das 00h58min a Pol\u00edcia Militar foi acionada via COPOM para fazer uma averigua\u00e7\u00e3o na rua na Vila Popular, pr\u00f3ximo ao Col\u00e9gio Estadual, na cidade de Zabel\u00ea. Ao chegarem no local informado, o SAMU j\u00e1 se encontrava no local confirmando o \u00f3bito de uma adolescente de 15 anos de idade.<\/p>\n\n\n\n<p>Segundo as testemunhas ouviram-se gritos de socorro e em seguida populares avistaram a jovem ca\u00edda ao ch\u00e3o ensanguentada, e que o suposto acusado trata-se de seu ex-namorado. A guarni\u00e7\u00e3o isolou o local do crime, sendo a per\u00edcia acionada e chegou ao local por volta das 05h30min, assumindo a ocorr\u00eancia para serem tomadas as medidas cab\u00edveis.<\/p>\n\n\n\n<p>As guarni\u00e7\u00f5es ao realizem diligencias, localizaram a motocicleta do suposto acusado no S\u00edtio Capoeira, na zona rural de Zabel\u00ea, a mesma encontrava-se danificada e foi encontrada junto com a moto uma arma branca com respingos de sangue, supostamente usada no crime. O material apreendido foi entregue a Pol\u00edcia Civil.<\/p>\n\n\n\n<p><em>11\u00ba BPM \u2013 Batalh\u00e3o 1\u00ba SGT Ylton Sales Silva<\/em><br><em>Se\u00e7\u00e3o de Comunica\u00e7\u00e3o Social e Marketing Institucional do 11\u00ba BPM<\/em><\/p>\n","protected":false},"excerpt":{"rendered":"<p>Por volta das 00h58min a Pol\u00edcia Militar foi acionada via COPOM para fazer uma averigua\u00e7\u00e3o na rua na Vila Popular, pr\u00f3ximo ao Col\u00e9gio Estadual, na&hellip; <\/p>\n","protected":false},"author":1,"featured_media":182888,"comment_status":"closed","ping_status":"closed","sticky":false,"template":"","format":"standard","meta":{"sfsi_plus_gutenberg_text_before_share":"","sfsi_plus_gutenberg_show_text_before_share":"","sfsi_plus_gutenberg_icon_type":"","sfsi_plus_gutenberg_icon_alignemt":"","sfsi_plus_gutenburg_max_per_row":"","footnotes":""},"categories":[6],"tags":[],"class_list":["post-182887","post","type-post","status-publish","format-standard","has-post-thumbnail","hentry","category-cidades"],"_links":{"self":[{"href":"https:\/\/www.caririemacao.com\/1\/wp-json\/wp\/v2\/posts\/182887","targetHints":{"allow":["GET"]}}],"collection":[{"href":"https:\/\/www.caririemacao.com\/1\/wp-json\/wp\/v2\/posts"}],"about":[{"href":"https:\/\/www.caririemacao.com\/1\/wp-json\/wp\/v2\/types\/post"}],"author":[{"embeddable":true,"href":"https:\/\/www.caririemacao.com\/1\/wp-json\/wp\/v2\/users\/1"}],"replies":[{"embeddable":true,"href":"https:\/\/www.caririemacao.com\/1\/wp-json\/wp\/v2\/comments?post=182887"}],"version-history":[{"count":1,"href":"https:\/\/www.caririemacao.com\/1\/wp-json\/wp\/v2\/posts\/182887\/revisions"}],"predecessor-version":[{"id":182889,"href":"https:\/\/www.caririemacao.com\/1\/wp-json\/wp\/v2\/posts\/182887\/revisions\/182889"}],"wp:featuredmedia":[{"embeddable":true,"href":"https:\/\/www.caririemacao.com\/1\/wp-json\/wp\/v2\/media\/182888"}],"wp:attachment":[{"href":"https:\/\/www.caririemacao.com\/1\/wp-json\/wp\/v2\/media?parent=182887"}],"wp:term":[{"taxonomy":"category","embeddable":true,"href":"https:\/\/www.caririemacao.com\/1\/wp-json\/wp\/v2\/categories?post=182887"},{"taxonomy":"post_tag","embeddable":true,"href":"https:\/\/www.caririemacao.com\/1\/wp-json\/wp\/v2\/tags?post=182887"}],"curies":[{"name":"wp","href":"https:\/\/api.w.org\/{rel}","templated":true}]}}