{"id":182890,"date":"2020-08-10T12:55:49","date_gmt":"2020-08-10T15:55:49","guid":{"rendered":"https:\/\/www.caririemacao.com\/1\/?p=182890"},"modified":"2020-08-10T12:55:49","modified_gmt":"2020-08-10T15:55:49","slug":"pm-recupera-moto-com-restricao-de-furto-em-monteiro","status":"publish","type":"post","link":"https:\/\/www.caririemacao.com\/1\/2020\/08\/10\/pm-recupera-moto-com-restricao-de-furto-em-monteiro\/","title":{"rendered":"PM recupera moto com restri\u00e7\u00e3o de furto em Monteiro"},"content":{"rendered":"\n<p>Uma moto que havia sido furtada na cidade de Monteiro-PB, foi recuperada por policiais militares do 11\u00ba Batalh\u00e3o por volta das 02h06min do domingo dia 09.<\/p>\n\n\n\n<p>A moto pop havia sido furtada na mesma noite, no Bairro do Alto de S\u00e3o Vicente, e uma guarni\u00e7\u00e3o da pol\u00edcia durante rondas localizou a moto que estava abandonada dentro do matagal, nas proximidades do distrito mec\u00e2nico em Monteiro.<\/p>\n\n\n\n<p>A moto foi removida para a Delegacia de Pol\u00edcia Civil de Monteiro.<\/p>\n\n\n\n<p><em>11\u00ba BPM \u2013 Batalh\u00e3o 1\u00ba SGT Ylton Sales Silva<\/em><br><em>Se\u00e7\u00e3o de Comunica\u00e7\u00e3o Social e Marketing Institucional do 11\u00ba BPM<\/em><\/p>\n","protected":false},"excerpt":{"rendered":"<p>Uma moto que havia sido furtada na cidade de Monteiro-PB, foi recuperada por policiais militares do 11\u00ba Batalh\u00e3o por volta das 02h06min do domingo dia&hellip; <\/p>\n","protected":false},"author":1,"featured_media":182891,"comment_status":"closed","ping_status":"closed","sticky":false,"template":"","format":"standard","meta":{"sfsi_plus_gutenberg_text_before_share":"","sfsi_plus_gutenberg_show_text_before_share":"","sfsi_plus_gutenberg_icon_type":"","sfsi_plus_gutenberg_icon_alignemt":"","sfsi_plus_gutenburg_max_per_row":"","footnotes":""},"categories":[6,12],"tags":[],"class_list":["post-182890","post","type-post","status-publish","format-standard","has-post-thumbnail","hentry","category-cidades","category-policia"],"_links":{"self":[{"href":"https:\/\/www.caririemacao.com\/1\/wp-json\/wp\/v2\/posts\/182890","targetHints":{"allow":["GET"]}}],"collection":[{"href":"https:\/\/www.caririemacao.com\/1\/wp-json\/wp\/v2\/posts"}],"about":[{"href":"https:\/\/www.caririemacao.com\/1\/wp-json\/wp\/v2\/types\/post"}],"author":[{"embeddable":true,"href":"https:\/\/www.caririemacao.com\/1\/wp-json\/wp\/v2\/users\/1"}],"replies":[{"embeddable":true,"href":"https:\/\/www.caririemacao.com\/1\/wp-json\/wp\/v2\/comments?post=182890"}],"version-history":[{"count":1,"href":"https:\/\/www.caririemacao.com\/1\/wp-json\/wp\/v2\/posts\/182890\/revisions"}],"predecessor-version":[{"id":182892,"href":"https:\/\/www.caririemacao.com\/1\/wp-json\/wp\/v2\/posts\/182890\/revisions\/182892"}],"wp:featuredmedia":[{"embeddable":true,"href":"https:\/\/www.caririemacao.com\/1\/wp-json\/wp\/v2\/media\/182891"}],"wp:attachment":[{"href":"https:\/\/www.caririemacao.com\/1\/wp-json\/wp\/v2\/media?parent=182890"}],"wp:term":[{"taxonomy":"category","embeddable":true,"href":"https:\/\/www.caririemacao.com\/1\/wp-json\/wp\/v2\/categories?post=182890"},{"taxonomy":"post_tag","embeddable":true,"href":"https:\/\/www.caririemacao.com\/1\/wp-json\/wp\/v2\/tags?post=182890"}],"curies":[{"name":"wp","href":"https:\/\/api.w.org\/{rel}","templated":true}]}}