{"id":182893,"date":"2020-08-10T12:59:16","date_gmt":"2020-08-10T15:59:16","guid":{"rendered":"https:\/\/www.caririemacao.com\/1\/?p=182893"},"modified":"2020-08-10T12:59:16","modified_gmt":"2020-08-10T15:59:16","slug":"prefeitura-de-sao-sebastiao-do-umbuzeiro-intensifica-acoes-de-combate-ao-covid-19","status":"publish","type":"post","link":"https:\/\/www.caririemacao.com\/1\/2020\/08\/10\/prefeitura-de-sao-sebastiao-do-umbuzeiro-intensifica-acoes-de-combate-ao-covid-19\/","title":{"rendered":"Prefeitura de S\u00e3o Sebasti\u00e3o do Umbuzeiro intensifica a\u00e7\u00f5es de combate ao COVID-19"},"content":{"rendered":"\n<p>A Prefeitura Municipal de S\u00e3o Sebasti\u00e3o do Umbuzeiro continua realizando a\u00e7\u00f5es relevantes no que diz respeito ao combate e preven\u00e7\u00e3o do coronav\u00edrus no munic\u00edpio. A secretaria de sa\u00fade tem realizado a\u00e7\u00f5es pontuais em todos os recantos do munic\u00edpio, em especialmente l na zona rural, que tem merecido uma aten\u00e7\u00e3o maior. <\/p>\n\n\n\n<p><br>V\u00e1rias a\u00e7\u00f5es foram realizadas \u00e0 exemplo de distribui\u00e7\u00e3o de cloro, afixa\u00e7\u00e3o de adesivos nas casas onde h\u00e1 pessoas idosas e distribui\u00e7\u00e3o de m\u00e1scaras junto \u00e0 comunidade<\/p>\n\n\n\n<p><br>\u201cO trabalho tem sido intensificado no que diz respeito ao combate do COVID, e estamos dando aten\u00e7\u00e3o a todos os recantos do munic\u00edpio, tanto na zona urbana, quanto na zona rural e assentamentos, pois pensamos no bem estar de nossa popula\u00e7\u00e3o sem nenhuma distin\u00e7\u00e3o\u201d, refor\u00e7ou o prefeito Adriano Wolff.<\/p>\n\n\n\n<p><br>Com F\u00c1BIO BRITO<\/p>\n","protected":false},"excerpt":{"rendered":"<p>A Prefeitura Municipal de S\u00e3o Sebasti\u00e3o do Umbuzeiro continua realizando a\u00e7\u00f5es relevantes no que diz respeito ao combate e preven\u00e7\u00e3o do coronav\u00edrus no munic\u00edpio. A&hellip; <\/p>\n","protected":false},"author":1,"featured_media":182894,"comment_status":"closed","ping_status":"closed","sticky":false,"template":"","format":"standard","meta":{"sfsi_plus_gutenberg_text_before_share":"","sfsi_plus_gutenberg_show_text_before_share":"","sfsi_plus_gutenberg_icon_type":"","sfsi_plus_gutenberg_icon_alignemt":"","sfsi_plus_gutenburg_max_per_row":"","footnotes":""},"categories":[6],"tags":[],"class_list":["post-182893","post","type-post","status-publish","format-standard","has-post-thumbnail","hentry","category-cidades"],"_links":{"self":[{"href":"https:\/\/www.caririemacao.com\/1\/wp-json\/wp\/v2\/posts\/182893","targetHints":{"allow":["GET"]}}],"collection":[{"href":"https:\/\/www.caririemacao.com\/1\/wp-json\/wp\/v2\/posts"}],"about":[{"href":"https:\/\/www.caririemacao.com\/1\/wp-json\/wp\/v2\/types\/post"}],"author":[{"embeddable":true,"href":"https:\/\/www.caririemacao.com\/1\/wp-json\/wp\/v2\/users\/1"}],"replies":[{"embeddable":true,"href":"https:\/\/www.caririemacao.com\/1\/wp-json\/wp\/v2\/comments?post=182893"}],"version-history":[{"count":1,"href":"https:\/\/www.caririemacao.com\/1\/wp-json\/wp\/v2\/posts\/182893\/revisions"}],"predecessor-version":[{"id":182895,"href":"https:\/\/www.caririemacao.com\/1\/wp-json\/wp\/v2\/posts\/182893\/revisions\/182895"}],"wp:featuredmedia":[{"embeddable":true,"href":"https:\/\/www.caririemacao.com\/1\/wp-json\/wp\/v2\/media\/182894"}],"wp:attachment":[{"href":"https:\/\/www.caririemacao.com\/1\/wp-json\/wp\/v2\/media?parent=182893"}],"wp:term":[{"taxonomy":"category","embeddable":true,"href":"https:\/\/www.caririemacao.com\/1\/wp-json\/wp\/v2\/categories?post=182893"},{"taxonomy":"post_tag","embeddable":true,"href":"https:\/\/www.caririemacao.com\/1\/wp-json\/wp\/v2\/tags?post=182893"}],"curies":[{"name":"wp","href":"https:\/\/api.w.org\/{rel}","templated":true}]}}