{"id":182896,"date":"2020-08-10T13:01:46","date_gmt":"2020-08-10T16:01:46","guid":{"rendered":"https:\/\/www.caririemacao.com\/1\/?p=182896"},"modified":"2020-08-10T13:01:46","modified_gmt":"2020-08-10T16:01:46","slug":"prefeitura-de-camalau-assina-ordem-de-servico-para-obra-de-sistema-de-abastecimento-dagua-na-zona-rural","status":"publish","type":"post","link":"https:\/\/www.caririemacao.com\/1\/2020\/08\/10\/prefeitura-de-camalau-assina-ordem-de-servico-para-obra-de-sistema-de-abastecimento-dagua-na-zona-rural\/","title":{"rendered":"Prefeitura de Camala\u00fa assina ordem de servi\u00e7o para obra de Sistema de Abastecimento d\u2019\u00e1gua na zona rural"},"content":{"rendered":"\n<p>Mais uma importante a\u00e7\u00e3o em prol da popula\u00e7\u00e3o foi anunciada pela gest\u00e3o municipal em Camala\u00fa.<\/p>\n\n\n\n<p><br>O Governo Municipal de Camala\u00fa confirmou que assinou a ordem de servi\u00e7o para a constru\u00e7\u00e3o de um sistema de abastecimento de \u00e1gua no S\u00edtio Madeira.<\/p>\n\n\n\n<p><br>Este sistema faz parte de um projeto, que visa levar o abastecimento de \u00e1gua para todas as comunidades rurais do munic\u00edpio.<\/p>\n\n\n\n<p><br>\u201cAssinamos a ordem de servi\u00e7o para que seja constru\u00eddo o sistema de abastecimento de \u00e1gua no s\u00edtio Madeira. O sistema ir\u00e1 beneficiar em torno de 30 fam\u00edlias.\u00a0<\/p>\n\n\n\n<p>A ideia \u00e9 construir sistemas de abastecimento em todas as comunidades rurais, e iremos fazer isso com f\u00e9 em Deus no decorrer do tempo.\u00a0Que Deus continue aben\u00e7oando a nossa popula\u00e7\u00e3o, e que venham mais benef\u00edcios sempre\u201d, afirmou feliz, o preeito Sandro M\u00f4co.<\/p>\n\n\n\n<p><br><strong>ASCOM<\/strong><\/p>\n","protected":false},"excerpt":{"rendered":"<p>Mais uma importante a\u00e7\u00e3o em prol da popula\u00e7\u00e3o foi anunciada pela gest\u00e3o municipal em Camala\u00fa. O Governo Municipal de Camala\u00fa confirmou que assinou a ordem&hellip; <\/p>\n","protected":false},"author":1,"featured_media":182897,"comment_status":"closed","ping_status":"closed","sticky":false,"template":"","format":"standard","meta":{"sfsi_plus_gutenberg_text_before_share":"","sfsi_plus_gutenberg_show_text_before_share":"","sfsi_plus_gutenberg_icon_type":"","sfsi_plus_gutenberg_icon_alignemt":"","sfsi_plus_gutenburg_max_per_row":"","footnotes":""},"categories":[6],"tags":[],"class_list":["post-182896","post","type-post","status-publish","format-standard","has-post-thumbnail","hentry","category-cidades"],"_links":{"self":[{"href":"https:\/\/www.caririemacao.com\/1\/wp-json\/wp\/v2\/posts\/182896","targetHints":{"allow":["GET"]}}],"collection":[{"href":"https:\/\/www.caririemacao.com\/1\/wp-json\/wp\/v2\/posts"}],"about":[{"href":"https:\/\/www.caririemacao.com\/1\/wp-json\/wp\/v2\/types\/post"}],"author":[{"embeddable":true,"href":"https:\/\/www.caririemacao.com\/1\/wp-json\/wp\/v2\/users\/1"}],"replies":[{"embeddable":true,"href":"https:\/\/www.caririemacao.com\/1\/wp-json\/wp\/v2\/comments?post=182896"}],"version-history":[{"count":1,"href":"https:\/\/www.caririemacao.com\/1\/wp-json\/wp\/v2\/posts\/182896\/revisions"}],"predecessor-version":[{"id":182898,"href":"https:\/\/www.caririemacao.com\/1\/wp-json\/wp\/v2\/posts\/182896\/revisions\/182898"}],"wp:featuredmedia":[{"embeddable":true,"href":"https:\/\/www.caririemacao.com\/1\/wp-json\/wp\/v2\/media\/182897"}],"wp:attachment":[{"href":"https:\/\/www.caririemacao.com\/1\/wp-json\/wp\/v2\/media?parent=182896"}],"wp:term":[{"taxonomy":"category","embeddable":true,"href":"https:\/\/www.caririemacao.com\/1\/wp-json\/wp\/v2\/categories?post=182896"},{"taxonomy":"post_tag","embeddable":true,"href":"https:\/\/www.caririemacao.com\/1\/wp-json\/wp\/v2\/tags?post=182896"}],"curies":[{"name":"wp","href":"https:\/\/api.w.org\/{rel}","templated":true}]}}