{"id":182899,"date":"2020-08-10T13:25:12","date_gmt":"2020-08-10T16:25:12","guid":{"rendered":"https:\/\/www.caririemacao.com\/1\/?p=182899"},"modified":"2020-08-10T13:25:12","modified_gmt":"2020-08-10T16:25:12","slug":"quarentena-potencializa-estresse-e-causa-aumento-em-casos-de-dente-quebrado","status":"publish","type":"post","link":"https:\/\/www.caririemacao.com\/1\/2020\/08\/10\/quarentena-potencializa-estresse-e-causa-aumento-em-casos-de-dente-quebrado\/","title":{"rendered":"Quarentena potencializa estresse e causa aumento em casos de dente quebrado"},"content":{"rendered":"\n<p>\u201cA pandemia do coronav\u00edrus quebrou meu dente.\u201d Mas como um v\u00edrus que se espalha pelo ar e pode levar complica\u00e7\u00f5es respirat\u00f3rios se relaciona a problemas odontol\u00f3gicos?<\/p>\n\n\n\n<p>De acordo com especialistas ouvidos pela Folha de S.Paulo, houve um aumento evidente nos casos de dentes quebrados durante a quarentena, embora n\u00e3o exista um levantamento consolidado.<\/p>\n\n\n\n<p>As ocorr\u00eancias atendidas nos primeiros meses do isolamento, quando as cl\u00ednicas serviam apenas a urg\u00eancias, foram desse tipo, e a tend\u00eancia segue desde ent\u00e3o.<\/p>\n\n\n\n<p>A principal hip\u00f3tese \u00e9 a de que o estresse e as diferentes emo\u00e7\u00f5es que v\u00eam a tona neste momento de crise social, econ\u00f4mica e psicol\u00f3gica provoquem problemas bucais.<\/p>\n\n\n\n<p>Giuseppe Romito, professor titular de periodontia na Faculdade de Odontologia da USP, explica que uma das formas de quest\u00f5es psicol\u00f3gicas se manifestarem em nosso corpo \u00e9 com o apertamento dos dentes.<\/p>\n\n\n\n<p>\u201cSe o dente est\u00e1 fraco, a sobrecarga o quebra. Se o dente estiver forte, ele pode n\u00e3o quebrar, nem desgastar, mas vai mudar de posi\u00e7\u00e3o, come\u00e7ar a ter movimenta\u00e7\u00e3o dent\u00e1ria. O terceiro [caso mais comum], quando o dente \u00e9 forte e a raiz aguenta [a movimenta\u00e7\u00e3o], vai estourar na articula\u00e7\u00e3o\u201d, explica.<\/p>\n\n\n\n<p>Sob condi\u00e7\u00f5es normais, a musculatura da mand\u00edbula \u00e9 ativada apenas para falar e se alimentar, permanecendo em repouso nos outros momentos, com os dentes desencostados.<\/p>\n\n\n\n<p>Da mesma forma que o estresse pode causar gastrite ou dores nas costas, ele tamb\u00e9m pode fazer com que, inconscientemente, apertemos os dentes durante o dia e a noite -ou provocar o ranger de dentes durante o sono, conhecido como bruxismo.<\/p>\n\n\n\n<p>\u201cEm momentos como este, a pessoa nem se d\u00e1 conta que est\u00e1 realizando esse estresse no dente e acaba levando \u00e0 fratura, pelo limite de resist\u00eancia mec\u00e2nica\u201d, explica a doutora em materiais dent\u00e1rios pela USP e especialista em pr\u00f3teses e disfun\u00e7\u00f5es t\u00eamporo-mandibulares Ana Romito<\/p>\n\n\n\n<p>Em geral, o dente quebrado \u00e9 o primeiro efeito dessa tens\u00e3o muscular. Se o osso resistir ao estresse, explicam os especialistas, sua raiz pode ficar sobrecarregada, e o dente ficar mole ou se movimentar.<\/p>\n\n\n\n<p>Outro reflexo podem ser as dores musculares, tanto na mand\u00edbula quanto em partes do corpo relacionadas. Tamb\u00e9m \u00e9 comum pacientes manifestarem mais de um desses sintomas.<\/p>\n\n\n\n<p>\u201cOs nossos medos, inseguran\u00e7as, vulnerabilidades, fantasias de iminentes perdas, aparecem em formas e sintomas que chamamos de conte\u00fados manifestos, que s\u00e3o dores de est\u00f4mago, pesadelos, bruxismo, fantasias de ter sido infectado, irritabilidade pelo confinamento\u201d, explica a psic\u00f3loga M\u00f4nica Fortunato Fria\u00e7a.<\/p>\n\n\n\n<p>Ela mesma conta que teve de tratar de um dente mole durante a pandemia, com um quadro de apertamento e ranger dos dentes.<\/p>\n\n\n\n<p>\u201c\u00c0s vezes voc\u00ea tem dor de ouvido cuja causa o otorrino n\u00e3o descobre, e \u00e9 o apertamento, que leva a uma tens\u00e3o muscular em cadeia. Pode ser tanto ascendente, causando dores de cabe\u00e7a, quanto descendente, levando a dores na nuca, ombro e coluna\u201d, explica Ana Claudia.<\/p>\n\n\n\n<p>\u201cComecei a sentir dores na junta da mand\u00edbula ao bocejar, meu quadro foi piorando a cada dia, at\u00e9 chegar no est\u00e1gio de n\u00e3o conseguir comer e de irradiar a dor para o maxilar\u201d, diz Flayza Franco, 21, estudante de psicologia.<\/p>\n\n\n\n<p>\u201cA Flayza estava com uma dor de ouvido que eu fui apalpando at\u00e9 ver que ela estava com sinusite e uma tens\u00e3o de ombro. Como tinha a dor de ouvido de um lado, tensionou o ombro para cima [do outro lado] para compensar. E daqui a pouco [poderia] virar dor de ci\u00e1tico\u201d, conta a sua dentista, Maria Isabel Carreira.<\/p>\n\n\n\n<p>Os tratamentos podem e devem ir al\u00e9m da quest\u00e3o odontol\u00f3gica, explica a dentista, que tem psic\u00f3logos e fisioterapeutas parceiros para indicar aos pacientes.<\/p>\n\n\n\n<p>\u201cTem muitos tratamentos multidisciplinares, eu tento ao m\u00e1ximo esgotar as possibilidades de diagn\u00f3stico.\u201d<\/p>\n\n\n\n<p>Ela compara cadeira do dentista a um div\u00e3, tantos s\u00e3o os casos em que a raiz do problema de um paciente \u00e9 psicol\u00f3gica.<\/p>\n\n\n\n<p>Como na maior parte das pessoas o tensionar dos m\u00fasculos \u00e9 inconsciente, o tratamento mais abrangente utiliza t\u00e9cnicas de recondicionamento dos h\u00e1bitos e conscientiza\u00e7\u00e3o, para que o paciente se d\u00ea conta da for\u00e7a que est\u00e1 aplicando e possa relaxar.<\/p>\n\n\n\n<p>\u201cDe modo geral, qualquer coisa que minimize o estresse [ajuda], porque o fator emocional \u00e9 determinante. Exerc\u00edcios aer\u00f3bios, por exemplo. Para quem tem muita contratura, dores articulares, a gente n\u00e3o aconselha a realiza\u00e7\u00e3o de exerc\u00edcios de for\u00e7a, porque se voc\u00ea levantar um peso e tiver esse h\u00e1bito, voc\u00ea pode apertar os dentes\u201d, explica Ana Claudia.<\/p>\n\n\n\n<p>Outro fator importante, lembra Romito, \u00e9 que ao mesmo tempo que a pandemia fez com que alguns aumentassem os cuidados de limpeza, outros descuidaram da sa\u00fade bucal. \u201cMuitos problemas pioram ou n\u00e3o est\u00e3o sendo tratados porque as pessoas t\u00eam medo de ir ao dentista. Mas \u00e9 seguro.\u201d<\/p>\n\n\n\n<p>Pr\u00e1ticas de seguran\u00e7a para dentistas<br>\u2013 Ao chegar na cl\u00ednica<br>\u2013 Desinfete os sapatos e remova an\u00e9is e outros ornamentos; higienize celulares e bolsas com \u00e1lcool 70%.<br>\u2013 A m\u00e1scara cir\u00fargica deve ser trocada entre atendimentos ou a cada 3h.<\/p>\n\n\n\n<p>Remo\u00e7\u00e3o de EPIs<br>\u2013 Tire prote\u00e7\u00e3o facial, gorro e m\u00e1scara de tr\u00e1s para frente;<br>\u2013 remova o jaleco ou avental puxando pela regi\u00e3o dos ombros;<br>\u2013 higienize as m\u00e3os entre cada passo da remo\u00e7\u00e3o de EPIs e, ao final, o rosto.<\/p>\n\n\n\n<p>Emerg\u00eancia de pacientes com Covid-19<br>\u2013 Em caso de pulpite irrevers\u00edvel (inflama\u00e7\u00e3o nos dentes), fa\u00e7a o procedimento necess\u00e1rio sob isolamento absoluto; suture de prefer\u00eancia com fio absorv\u00edvel; fa\u00e7a enx\u00e1gues lentamente para evitar pulveriza\u00e7\u00e3o.<br>Fonte: Conselho Federal de Odontologia<\/p>\n","protected":false},"excerpt":{"rendered":"<p>\u201cA pandemia do coronav\u00edrus quebrou meu dente.\u201d Mas como um v\u00edrus que se espalha pelo ar e pode levar complica\u00e7\u00f5es respirat\u00f3rios se relaciona a problemas&hellip; <\/p>\n","protected":false},"author":2,"featured_media":182900,"comment_status":"closed","ping_status":"closed","sticky":false,"template":"","format":"standard","meta":{"sfsi_plus_gutenberg_text_before_share":"","sfsi_plus_gutenberg_show_text_before_share":"","sfsi_plus_gutenberg_icon_type":"","sfsi_plus_gutenberg_icon_alignemt":"","sfsi_plus_gutenburg_max_per_row":"","footnotes":""},"categories":[50,16],"tags":[],"class_list":["post-182899","post","type-post","status-publish","format-standard","has-post-thumbnail","hentry","category-destaque","category-saude"],"_links":{"self":[{"href":"https:\/\/www.caririemacao.com\/1\/wp-json\/wp\/v2\/posts\/182899","targetHints":{"allow":["GET"]}}],"collection":[{"href":"https:\/\/www.caririemacao.com\/1\/wp-json\/wp\/v2\/posts"}],"about":[{"href":"https:\/\/www.caririemacao.com\/1\/wp-json\/wp\/v2\/types\/post"}],"author":[{"embeddable":true,"href":"https:\/\/www.caririemacao.com\/1\/wp-json\/wp\/v2\/users\/2"}],"replies":[{"embeddable":true,"href":"https:\/\/www.caririemacao.com\/1\/wp-json\/wp\/v2\/comments?post=182899"}],"version-history":[{"count":1,"href":"https:\/\/www.caririemacao.com\/1\/wp-json\/wp\/v2\/posts\/182899\/revisions"}],"predecessor-version":[{"id":182901,"href":"https:\/\/www.caririemacao.com\/1\/wp-json\/wp\/v2\/posts\/182899\/revisions\/182901"}],"wp:featuredmedia":[{"embeddable":true,"href":"https:\/\/www.caririemacao.com\/1\/wp-json\/wp\/v2\/media\/182900"}],"wp:attachment":[{"href":"https:\/\/www.caririemacao.com\/1\/wp-json\/wp\/v2\/media?parent=182899"}],"wp:term":[{"taxonomy":"category","embeddable":true,"href":"https:\/\/www.caririemacao.com\/1\/wp-json\/wp\/v2\/categories?post=182899"},{"taxonomy":"post_tag","embeddable":true,"href":"https:\/\/www.caririemacao.com\/1\/wp-json\/wp\/v2\/tags?post=182899"}],"curies":[{"name":"wp","href":"https:\/\/api.w.org\/{rel}","templated":true}]}}