{"id":182903,"date":"2020-08-10T13:27:43","date_gmt":"2020-08-10T16:27:43","guid":{"rendered":"https:\/\/www.caririemacao.com\/1\/?p=182903"},"modified":"2020-08-10T13:27:43","modified_gmt":"2020-08-10T16:27:43","slug":"75-das-pessoas-que-morreram-eram-pessoas-acima-de-60-anos-e-com-doencas-associadas-revela-geraldo-medeiros-sobre-mortos-por-covid-19-na-paraiba","status":"publish","type":"post","link":"https:\/\/www.caririemacao.com\/1\/2020\/08\/10\/75-das-pessoas-que-morreram-eram-pessoas-acima-de-60-anos-e-com-doencas-associadas-revela-geraldo-medeiros-sobre-mortos-por-covid-19-na-paraiba\/","title":{"rendered":"&#8216;75% das pessoas que morreram eram pessoas acima de 60 anos e com doen\u00e7as associadas&#8217;, revela Geraldo Medeiros sobre mortos por Covid-19 na Para\u00edba"},"content":{"rendered":"\n<p>O secret\u00e1rio de sa\u00fade Geraldo Medeiros falou nesta segunda-feira (10), sobre o n\u00famero de mortos por Coronav\u00edrus na Para\u00edba. O estado registrou neste domingo (09), dois mil mortos pela doen\u00e7a e 90.082 casos confirmados.&nbsp;<\/p>\n\n\n\n<p>Apesar de defender a necessidade de uma flexibiliza\u00e7\u00e3o respons\u00e1vel e que a popula\u00e7\u00e3o n\u00e3o pode ficar pra sempre em quarentena,&nbsp;o secret\u00e1rio alertou que&nbsp;75% das pessoas que morreram&nbsp;tinham mais de 60 anos e possu\u00edam doen\u00e7as associadas.&nbsp;<\/p>\n\n\n\n<p>&#8220;Essa \u00e9 a popula\u00e7\u00e3o que nos preocupa. Essa popula\u00e7\u00e3o n\u00e3o pode estar&nbsp;na rua, na cal\u00e7ada de Mana\u00edra, Cabo Branco e Tamba\u00fa, eles devem estar em casa, porque s\u00e3o as pessoas que possuem maior vulnerabilidade para adquirir a&nbsp;doen\u00e7a, complicar e podem morrer&#8221;, afirmou o secret\u00e1rio.&nbsp;<\/p>\n\n\n\n<p>O secret\u00e1rio afirmou que a flexibiliza\u00e7\u00e3o n\u00e3o significa que a pandemia acabou, mas sim que o v\u00edrus continua presente e pode contaminar se as pessoas n\u00e3o adotarem as medidas de restri\u00e7\u00e3o sanit\u00e1ria.<\/p>\n","protected":false},"excerpt":{"rendered":"<p>O secret\u00e1rio de sa\u00fade Geraldo Medeiros falou nesta segunda-feira (10), sobre o n\u00famero de mortos por Coronav\u00edrus na Para\u00edba. O estado registrou neste domingo (09),&hellip; <\/p>\n","protected":false},"author":2,"featured_media":182093,"comment_status":"closed","ping_status":"closed","sticky":false,"template":"","format":"standard","meta":{"sfsi_plus_gutenberg_text_before_share":"","sfsi_plus_gutenberg_show_text_before_share":"","sfsi_plus_gutenberg_icon_type":"","sfsi_plus_gutenberg_icon_alignemt":"","sfsi_plus_gutenburg_max_per_row":"","footnotes":""},"categories":[50,2],"tags":[],"class_list":["post-182903","post","type-post","status-publish","format-standard","has-post-thumbnail","hentry","category-destaque","category-geral"],"_links":{"self":[{"href":"https:\/\/www.caririemacao.com\/1\/wp-json\/wp\/v2\/posts\/182903","targetHints":{"allow":["GET"]}}],"collection":[{"href":"https:\/\/www.caririemacao.com\/1\/wp-json\/wp\/v2\/posts"}],"about":[{"href":"https:\/\/www.caririemacao.com\/1\/wp-json\/wp\/v2\/types\/post"}],"author":[{"embeddable":true,"href":"https:\/\/www.caririemacao.com\/1\/wp-json\/wp\/v2\/users\/2"}],"replies":[{"embeddable":true,"href":"https:\/\/www.caririemacao.com\/1\/wp-json\/wp\/v2\/comments?post=182903"}],"version-history":[{"count":1,"href":"https:\/\/www.caririemacao.com\/1\/wp-json\/wp\/v2\/posts\/182903\/revisions"}],"predecessor-version":[{"id":182904,"href":"https:\/\/www.caririemacao.com\/1\/wp-json\/wp\/v2\/posts\/182903\/revisions\/182904"}],"wp:featuredmedia":[{"embeddable":true,"href":"https:\/\/www.caririemacao.com\/1\/wp-json\/wp\/v2\/media\/182093"}],"wp:attachment":[{"href":"https:\/\/www.caririemacao.com\/1\/wp-json\/wp\/v2\/media?parent=182903"}],"wp:term":[{"taxonomy":"category","embeddable":true,"href":"https:\/\/www.caririemacao.com\/1\/wp-json\/wp\/v2\/categories?post=182903"},{"taxonomy":"post_tag","embeddable":true,"href":"https:\/\/www.caririemacao.com\/1\/wp-json\/wp\/v2\/tags?post=182903"}],"curies":[{"name":"wp","href":"https:\/\/api.w.org\/{rel}","templated":true}]}}