{"id":182906,"date":"2020-08-10T13:31:31","date_gmt":"2020-08-10T16:31:31","guid":{"rendered":"https:\/\/www.caririemacao.com\/1\/?p=182906"},"modified":"2020-08-10T13:31:31","modified_gmt":"2020-08-10T16:31:31","slug":"maia-defende-muro-entre-as-forcas-armadas-e-o-governo","status":"publish","type":"post","link":"https:\/\/www.caririemacao.com\/1\/2020\/08\/10\/maia-defende-muro-entre-as-forcas-armadas-e-o-governo\/","title":{"rendered":"Maia defende muro entre as For\u00e7as Armadas e o governo"},"content":{"rendered":"\n<p>Em seis meses de deixar a presid\u00eancia da C\u00e2mara, o deputado Rodrigo Maia (DEM-RJ) defende a discuss\u00e3o no Pa\u00eds de um limite \u00e0 atua\u00e7\u00e3o de militares da ativa na estrutura do pr\u00f3ximo governo. Sem apontar diretamente para os generais nos cargos da atual gest\u00e3o do presidente Jair Bolsonaro, ele ressalta a necessidade de respeitar o \u201cmuro\u201d entre o Estado, a quem as For\u00e7as Armadas est\u00e3o vinculadas, e o governo, formado especialmente por agentes p\u00fablicos eleitos.<\/p>\n\n\n\n<p>Em home office, na resid\u00eancia oficial, ele criticou o enfrentamento da pandemia pelo governo, mas isentou o ministro interino da Sa\u00fade, Eduardo Pazuello, de toda a responsabilidade pelas mais de 100 mil mortes.<\/p>\n\n\n\n<p>Na conversa, interrompida algumas vezes para olhar os desenhos do filho Rodrigo, de 4 anos, revelou que vai ajudar na constru\u00e7\u00e3o de uma candidatura que se apresente como alternativa \u00e0 polariza\u00e7\u00e3o PT x Bolsonaro. \u00c0 equipe econ\u00f4mica, mandou um recado: vai barrar qualquer tentativa de burlar o teto de gastos, que pro\u00edbe as despesas de crescer em ritmo superior \u00e0 infla\u00e7\u00e3o.<\/p>\n\n\n\n<p><strong>O sr. acredita que a crise entre os tr\u00eas Poderes esteja de fato superada ou ainda \u00e9 preciso acompanhar com mais aten\u00e7\u00e3o?<\/strong><\/p>\n\n\n\n<p>Pelo menos nas \u00faltimas semanas, h\u00e1 um ambiente de mais respeito e menos estressamento na rela\u00e7\u00e3o entre Poderes. Espero que continue assim. \u00c9 bom para o Brasil que a gente continue com as institui\u00e7\u00f5es democr\u00e1ticas funcionando. Foi uma coisa que cobramos naquele per\u00edodo de manifesta\u00e7\u00f5es com faixas contra o Parlamento, pedindo o AI-5.<\/p>\n\n\n\n<p><strong>Neste momento, n\u00e3o est\u00e1 na hora de discutir a volta dos militares para a caserna e a sa\u00edda deles desse ambiente pol\u00edtico?<\/strong><\/p>\n\n\n\n<p>\u00c9 importante separar o Estado e o governo. As For\u00e7as Armadas est\u00e3o no Estado. Os gestores p\u00fablicos, os ministros, o presidente est\u00e3o no governo. \u00c9 importante que fique claro que h\u00e1 um muro. N\u00e3o \u00e9 algo contra os militares que est\u00e3o no governo Bolsonaro, mas esse debate vai acontecer, no m\u00ednimo, para o pr\u00f3ximo governo, para que fique clara essa separa\u00e7\u00e3o. Quem vem para c\u00e1 (governo) vai precisar n\u00e3o ter v\u00ednculo com o Estado. Quando um militar da ativa entra no governo ele traz parte do Estado e, muitas vezes, pode misturar as coisas, e \u00e9 importante que a gente consiga organizar isso.<\/p>\n\n\n\n<p><strong>De certa forma, o papel dado a alguns militares n\u00e3o se mostrou t\u00e3o eficiente. Na Sa\u00fade, na articula\u00e7\u00e3o pol\u00edtica\u2026<\/strong><\/p>\n\n\n\n<p>Eu n\u00e3o acho que o Pazuello tenha sido a melhor escolha, mas n\u00e3o podemos culp\u00e1-lo tamb\u00e9m pelas 100 mil mortes. \u00c9 claro que h\u00e1 falta de articula\u00e7\u00e3o com os governadores e conflitos por causa de posicionamentos equivocados. Isso pode ter prejudicado, certamente, mas transferir 100% dessa responsabilidade para o ministro est\u00e1 errado. O problema \u00e9 ter um v\u00edrus que vai tirar vidas de brasileiros e que vai derrubar a economia. E a economia vai cair porque na hora em que come\u00e7a a morrer gente pr\u00f3xima, a pessoa deixa de consumir, deixa de ir \u00e0 rua, querendo o governo ou n\u00e3o.<\/p>\n\n\n\n<p><strong>O presidente Jair Bolsonaro tem usado o aux\u00edlio emergencial e at\u00e9 mesmo o Renda Brasil, ainda em estudo, para se aproximar do eleitorado do Nordeste. O Parlamento vai dar esse capital pol\u00edtico ao presidente?<\/strong><\/p>\n\n\n\n<p>O governo tinha uma proposta t\u00edmida para o aux\u00edlio emergencial. O Parlamento alterou e o presidente respaldou a decis\u00e3o de um valor maior. O governo foi beneficiado. N\u00f3s vamos ficar brigando pela paternidade com 50 milh\u00f5es, 60 milh\u00f5es de fam\u00edlias sem nenhuma renda? N\u00e3o d\u00e1 para ficar nesse jogo pol\u00edtico. Cada deputado trabalhou a paternidade do aux\u00edlio emergencial, o governo tamb\u00e9m, mas \u00e9 claro que os instrumentos do governo s\u00e3o mais fortes que os da C\u00e2mara. O Parlamento n\u00e3o tem estrutura de ag\u00eancia de publicidade.<\/p>\n\n\n\n<p><strong>Bolsonaro est\u00e1 viajando pelo Brasil em ritmo de campanha eleitoral. O sr. sente uma ansiedade de alguns setores para achar um nome que fa\u00e7a o contraponto ao presidente em 2022?<\/strong><\/p>\n\n\n\n<p>N\u00e3o \u00e9 hora de se preocupar com nome. Se anteciparmos o processo eleitoral, a\u00ed sim n\u00f3s vamos interditar o debate, como gosta de falar o Paulo Guedes (ministro da Economia). Infelizmente, o debate da reforma administrativa est\u00e1 interditado desde o ano passado. O da tribut\u00e1ria est\u00e1 andando, n\u00f3s estamos estimulando, diferentemente do que o Paulo Guedes diz. O que n\u00f3s n\u00e3o queremos \u00e9 cria\u00e7\u00e3o de novos impostos e onerar a sociedade.<\/p>\n\n\n\n<p><strong>O sr. ainda tem seis meses na presid\u00eancia da C\u00e2mara. Quais as prioridades nesta reta final e o que o sr. ainda tem tempo para entregar?<\/strong><\/p>\n\n\n\n<p>A reforma administrativa eu preciso do governo, mas a tribut\u00e1ria eu estou confiante que n\u00f3s vamos entregar.<\/p>\n\n\n\n<p><strong>O sr. disse que, mesmo que haja a possibilidade, n\u00e3o disputar\u00e1 a reelei\u00e7\u00e3o. O que o senhor far\u00e1 ap\u00f3s deixar a presid\u00eancia?<\/strong><\/p>\n\n\n\n<p>N\u00e3o \u00e9 minha inten\u00e7\u00e3o (concorrer \u00e0 reelei\u00e7\u00e3o).<\/p>\n\n\n\n<p><strong>O sr. acredita que o presidente Jair Bolsonaro n\u00e3o vai interferir nesse processo?<\/strong><\/p>\n\n\n\n<p>\u00c9 dif\u00edcil n\u00e3o interferir.<\/p>\n\n\n\n<p><strong>O sr. tem defendido a constru\u00e7\u00e3o de uma uni\u00e3o de centro para as elei\u00e7\u00f5es de 2022. Fora da C\u00e2mara, o sr. pode ser essa pessoa a construir esse grupo?<\/strong><\/p>\n\n\n\n<p>Tenho condi\u00e7\u00f5es e vou querer ajudar a construir um projeto para 2022. Sem desrespeitar o projeto dos outros, mas temos que construir um ambiente que saia dos extremos e procure defender o que \u00e9 o certo e o melhor para a sociedade brasileira.<\/p>\n\n\n\n<p><strong>A polariza\u00e7\u00e3o PT x Bolsonaro vai se repetir em 2022?<\/strong><\/p>\n\n\n\n<p>Se n\u00e3o surgir um candidato que tenha uma agenda reformista na economia e menos radical na quest\u00e3o dos valores, pode se repetir. A sociedade \u00e9 conservadora, mas o radicalismo de um lado ou de outro vem gerando essa polariza\u00e7\u00e3o.<\/p>\n\n\n\n<p><strong>O governo quer atrelar prorrogar o aux\u00edlio emergencial com o Renda Brasil. O senhor concorda?<\/strong><\/p>\n\n\n\n<p>Eu n\u00e3o posso discutir o que n\u00e3o conhe\u00e7o. O que \u00e9 o Renda Brasil? \u00d3bvio que ser\u00e1 necess\u00e1rio construir alguma solu\u00e7\u00e3o para sa\u00edda do auxilio emergencial. \u00c9 \u00f3bvio que o Estado brasileiro n\u00e3o tem condi\u00e7\u00f5es de suportar a manuten\u00e7\u00e3o dos R$ 600 (de aux\u00edlio emergencial). Neste momento de crise n\u00e3o podemos fazer pol\u00edtica dessa quest\u00e3o. Eu s\u00f3 acho que temos que tomar cuidado para n\u00e3o ampliar ainda mais as despesas p\u00fablicas para solucionar uma quest\u00e3o urgente e que precisa ser solucionada, mas criar outros problemas para a sociedade.<\/p>\n\n\n\n<p><strong>H\u00e1 uma preocupa\u00e7\u00e3o de dribles que o governo tentou fazer para furar o teto de gastos\u2026<\/strong><\/p>\n\n\n\n<p>O governo n\u00e3o pode querer usar o Parlamento como instrumento dessas solu\u00e7\u00f5es heterodoxas. N\u00e3o d\u00e1 para usar um projeto, uma PEC, pelo menos na C\u00e2mara, para burlar o teto de gastos. Se o governo tiver essa inten\u00e7\u00e3o, eu discordo e vou trabalhar contra.<\/p>\n\n\n\n<p><strong>O sr. concorda que esses dribles podem ser considerados a pedalada de Bolsonaro?<\/strong><\/p>\n\n\n\n<p>Este ano o governo est\u00e1 protegido pela PEC do or\u00e7amento de guerra, mas se o governo editar um cr\u00e9dito extraordin\u00e1rio e depois transformar em restos a pagar (para ampliar o espa\u00e7o para gastar em 2021), a\u00ed pode ser uma pedalada.<\/p>\n\n\n\n<p><strong>O ministro Guedes disse que quem compara o imposto que ele pretende criar \u00e0 CPMF ou \u00e9 por maldade ou \u00e9 ignor\u00e2ncia\u2026<\/strong><\/p>\n\n\n\n<p>Enquanto ele n\u00e3o apresentar proposta, \u00e9 um direito leg\u00edtimo de todo mundo achar que tem cara de CPMF, est\u00e1 tudo parecendo uma CPMF e com as isen\u00e7\u00f5es vai virar um adicional de imposto que a sociedade vai pagar. N\u00e3o \u00e9 t\u00e3o simples criar uma receita com imposto cumulativo e n\u00e3o gerar danos na economia brasileira.<\/p>\n\n\n\n<p><strong>A equipe econ\u00f4mica diz que o novo imposto abre espa\u00e7o para desonerar a folha das empresas. O sr. v\u00ea outra solu\u00e7\u00e3o?<\/strong><\/p>\n\n\n\n<p>Temos que procurar a receita no Or\u00e7amento existente sen\u00e3o vamos levar o Brasil a ter a maior carga tribut\u00e1ria do mundo. Por isso que a reforma administrativa \u00e9 t\u00e3o importante. N\u00e3o porque ela vai reduzir despesas a curto prazo, mas porque melhora a qualidade do servi\u00e7o p\u00fablico.<\/p>\n\n\n\n<p><strong>O sr. v\u00ea espa\u00e7o para as duas reformas, a tribut\u00e1ria e administrativa?<\/strong><\/p>\n\n\n\n<p>Pagamos muito imposto e a produtividade do setor p\u00fablico n\u00e3o existe. A m\u00e9dia do sal\u00e1rio dos servidores p\u00fablicos \u00e9 o dobro do setor privado, isso \u00e9 uma distor\u00e7\u00e3o. Precisa ter a uni\u00e3o do Poder Executivo com o Legislativo para mostrar que estamos tratando da reforma do ponto de vista de estrutura das carreiras para os pr\u00f3ximos servidores. E estamos tratando dos atuais na efici\u00eancia do servi\u00e7o p\u00fablico. Se for o caso, os l\u00edderes que defendem essa tese poderiam fazer um apelo ao presidente.<\/p>\n\n\n\n<p><strong>O sr. acha que seria o momento ideal de discutir as duas?<\/strong><\/p>\n\n\n\n<p>N\u00e3o tem outro caminho. Se o investidor n\u00e3o olhar as grandes reformas, al\u00e9m do Meio Ambiente, o Brasil nunca vai ser prioridade. N\u00e3o podemos esquecer que o Brasil precisa muito dos investidores externos para poder ter um ciclo de investimento sustent\u00e1vel.<\/p>\n","protected":false},"excerpt":{"rendered":"<p>Em seis meses de deixar a presid\u00eancia da C\u00e2mara, o deputado Rodrigo Maia (DEM-RJ) defende a discuss\u00e3o no Pa\u00eds de um limite \u00e0 atua\u00e7\u00e3o de&hellip; <\/p>\n","protected":false},"author":2,"featured_media":181465,"comment_status":"closed","ping_status":"closed","sticky":false,"template":"","format":"standard","meta":{"sfsi_plus_gutenberg_text_before_share":"","sfsi_plus_gutenberg_show_text_before_share":"","sfsi_plus_gutenberg_icon_type":"","sfsi_plus_gutenberg_icon_alignemt":"","sfsi_plus_gutenburg_max_per_row":"","footnotes":""},"categories":[11],"tags":[],"class_list":["post-182906","post","type-post","status-publish","format-standard","has-post-thumbnail","hentry","category-politica"],"_links":{"self":[{"href":"https:\/\/www.caririemacao.com\/1\/wp-json\/wp\/v2\/posts\/182906","targetHints":{"allow":["GET"]}}],"collection":[{"href":"https:\/\/www.caririemacao.com\/1\/wp-json\/wp\/v2\/posts"}],"about":[{"href":"https:\/\/www.caririemacao.com\/1\/wp-json\/wp\/v2\/types\/post"}],"author":[{"embeddable":true,"href":"https:\/\/www.caririemacao.com\/1\/wp-json\/wp\/v2\/users\/2"}],"replies":[{"embeddable":true,"href":"https:\/\/www.caririemacao.com\/1\/wp-json\/wp\/v2\/comments?post=182906"}],"version-history":[{"count":1,"href":"https:\/\/www.caririemacao.com\/1\/wp-json\/wp\/v2\/posts\/182906\/revisions"}],"predecessor-version":[{"id":182907,"href":"https:\/\/www.caririemacao.com\/1\/wp-json\/wp\/v2\/posts\/182906\/revisions\/182907"}],"wp:featuredmedia":[{"embeddable":true,"href":"https:\/\/www.caririemacao.com\/1\/wp-json\/wp\/v2\/media\/181465"}],"wp:attachment":[{"href":"https:\/\/www.caririemacao.com\/1\/wp-json\/wp\/v2\/media?parent=182906"}],"wp:term":[{"taxonomy":"category","embeddable":true,"href":"https:\/\/www.caririemacao.com\/1\/wp-json\/wp\/v2\/categories?post=182906"},{"taxonomy":"post_tag","embeddable":true,"href":"https:\/\/www.caririemacao.com\/1\/wp-json\/wp\/v2\/tags?post=182906"}],"curies":[{"name":"wp","href":"https:\/\/api.w.org\/{rel}","templated":true}]}}