{"id":182909,"date":"2020-08-10T13:35:08","date_gmt":"2020-08-10T16:35:08","guid":{"rendered":"https:\/\/www.caririemacao.com\/1\/?p=182909"},"modified":"2020-08-10T13:35:08","modified_gmt":"2020-08-10T16:35:08","slug":"caixa-libera-novos-saques-do-fgts-para-trabalhadores-nascidos-em-julho-nesta-segunda-veja-calendario","status":"publish","type":"post","link":"https:\/\/www.caririemacao.com\/1\/2020\/08\/10\/caixa-libera-novos-saques-do-fgts-para-trabalhadores-nascidos-em-julho-nesta-segunda-veja-calendario\/","title":{"rendered":"Caixa libera novos saques do FGTS para trabalhadores nascidos em julho nesta segunda; veja calend\u00e1rio"},"content":{"rendered":"\n<p>A Caixa Econ\u00f4mica Federal libera nesta segunda-feira (10) o cr\u00e9dito dos novos saques do FGTS para os trabalhadores nascidos em julho. Os pagamentos ser\u00e3o feitos em poupan\u00e7a social digital da Caixa e, em um primeiro momento, os recursos estar\u00e3o dispon\u00edveis apenas para pagamentos e compras por meio de cart\u00e3o de d\u00e9bito virtual. Nesta etapa, poder\u00e3o ser pagos at\u00e9 R$ 3,3 bilh\u00f5es.<\/p>\n\n\n\n<p>O saque em esp\u00e9cie ou transfer\u00eancias, tamb\u00e9m dos aniversariantes de julho, est\u00e3o liberados a partir de 17 de outubro (veja o calend\u00e1rio completo mais abaixo). A libera\u00e7\u00e3o dos cr\u00e9ditos para os nascidos em janeiro come\u00e7ou em 29 de junho, e os saques para esse grupo come\u00e7aram em 25 de julho.<\/p>\n\n\n\n<h4 class=\"wp-block-heading\"><strong>Libera\u00e7\u00e3o<\/strong><\/h4>\n\n\n\n<p>Essa nova libera\u00e7\u00e3o do saque do FGTS se deu por meio de uma medida provis\u00f3ria, em raz\u00e3o da pandemia do novo coronav\u00edrus, que afetou as atividades econ\u00f4micas e a renda dos trabalhadores.<\/p>\n\n\n\n<p>A MP, no entanto, perdeu a validade no \u00faltimo dia 4, depois que o Congresso deixou de votar a medida no tempo previsto. A Caixa informou, no entanto, que vai manter o calend\u00e1rio de pagamentos. Segundo o Minist\u00e9rio da Economia, um decreto deve ser editado disciplinando a produ\u00e7\u00e3o dos efeitos.<\/p>\n\n\n\n<h4 class=\"wp-block-heading\"><strong>Calend\u00e1rio<\/strong><\/h4>\n\n\n\n<p>Para evitar aglomera\u00e7\u00f5es nas ag\u00eancias, a Caixa fixou datas diferentes para a libera\u00e7\u00e3o do cr\u00e9dito em conta e para o saque em esp\u00e9cie ou transfer\u00eancia dos valores. O calend\u00e1rio considera o m\u00eas de nascimento do trabalhador. Veja as datas a seguir:<\/p>\n\n\n\n<p>Calend\u00e1rio saque emergencial FGTS<\/p>\n\n\n\n<figure class=\"wp-block-table\"><table><tbody><tr><td><strong>M\u00eas de nascimento<\/strong><\/td><td><strong>Cr\u00e9dito em conta<\/strong><\/td><td><strong>Saque ou transfer\u00eancia<\/strong><\/td><\/tr><tr><td>Janeiro<\/td><td>29 de junho<\/td><td>25 de julho<\/td><\/tr><tr><td>Fevereiro<\/td><td>6 de julho<\/td><td>8 de agosto<\/td><\/tr><tr><td>Mar\u00e7o<\/td><td>13 de julho<\/td><td>22 de agosto<\/td><\/tr><tr><td>Abril<\/td><td>20 de julho<\/td><td>5 de setembro<\/td><\/tr><tr><td>Maio<\/td><td>27 de julho<\/td><td>19 de setembro<\/td><\/tr><tr><td>Junho<\/td><td>3 de agosto<\/td><td>3 de outubro<\/td><\/tr><tr><td>Julho<\/td><td>10 de agosto<\/td><td>17 de outubro<\/td><\/tr><tr><td>Agosto<\/td><td>24 de agosto<\/td><td>17 de outubro<\/td><\/tr><tr><td>Setembro<\/td><td>31 de agosto<\/td><td>31 de outubro<\/td><\/tr><tr><td>Outubro<\/td><td>8 de setembro<\/td><td>31 de outubro<\/td><\/tr><tr><td>Novembro<\/td><td>14 de setembro<\/td><td>14 de novembro<\/td><\/tr><tr><td>Dezembro<\/td><td>21 de setembro<\/td><td>14 de novembro<\/td><\/tr><\/tbody><\/table><\/figure>\n","protected":false},"excerpt":{"rendered":"<p>A Caixa Econ\u00f4mica Federal libera nesta segunda-feira (10) o cr\u00e9dito dos novos saques do FGTS para os trabalhadores nascidos em julho. Os pagamentos ser\u00e3o feitos&hellip; <\/p>\n","protected":false},"author":2,"featured_media":182910,"comment_status":"closed","ping_status":"closed","sticky":false,"template":"","format":"standard","meta":{"sfsi_plus_gutenberg_text_before_share":"","sfsi_plus_gutenberg_show_text_before_share":"","sfsi_plus_gutenberg_icon_type":"","sfsi_plus_gutenberg_icon_alignemt":"","sfsi_plus_gutenburg_max_per_row":"","footnotes":""},"categories":[2],"tags":[],"class_list":["post-182909","post","type-post","status-publish","format-standard","has-post-thumbnail","hentry","category-geral"],"_links":{"self":[{"href":"https:\/\/www.caririemacao.com\/1\/wp-json\/wp\/v2\/posts\/182909","targetHints":{"allow":["GET"]}}],"collection":[{"href":"https:\/\/www.caririemacao.com\/1\/wp-json\/wp\/v2\/posts"}],"about":[{"href":"https:\/\/www.caririemacao.com\/1\/wp-json\/wp\/v2\/types\/post"}],"author":[{"embeddable":true,"href":"https:\/\/www.caririemacao.com\/1\/wp-json\/wp\/v2\/users\/2"}],"replies":[{"embeddable":true,"href":"https:\/\/www.caririemacao.com\/1\/wp-json\/wp\/v2\/comments?post=182909"}],"version-history":[{"count":1,"href":"https:\/\/www.caririemacao.com\/1\/wp-json\/wp\/v2\/posts\/182909\/revisions"}],"predecessor-version":[{"id":182911,"href":"https:\/\/www.caririemacao.com\/1\/wp-json\/wp\/v2\/posts\/182909\/revisions\/182911"}],"wp:featuredmedia":[{"embeddable":true,"href":"https:\/\/www.caririemacao.com\/1\/wp-json\/wp\/v2\/media\/182910"}],"wp:attachment":[{"href":"https:\/\/www.caririemacao.com\/1\/wp-json\/wp\/v2\/media?parent=182909"}],"wp:term":[{"taxonomy":"category","embeddable":true,"href":"https:\/\/www.caririemacao.com\/1\/wp-json\/wp\/v2\/categories?post=182909"},{"taxonomy":"post_tag","embeddable":true,"href":"https:\/\/www.caririemacao.com\/1\/wp-json\/wp\/v2\/tags?post=182909"}],"curies":[{"name":"wp","href":"https:\/\/api.w.org\/{rel}","templated":true}]}}