{"id":182913,"date":"2020-08-10T14:42:37","date_gmt":"2020-08-10T17:42:37","guid":{"rendered":"https:\/\/www.caririemacao.com\/1\/?p=182913"},"modified":"2020-08-10T14:42:37","modified_gmt":"2020-08-10T17:42:37","slug":"amparo-secretaria-de-educacao-entregara-na-proxima-quarta-feira-12-o-kit-de-merenda-escolar-aos-alunos-da-rede-municipal-de-ensino","status":"publish","type":"post","link":"https:\/\/www.caririemacao.com\/1\/2020\/08\/10\/amparo-secretaria-de-educacao-entregara-na-proxima-quarta-feira-12-o-kit-de-merenda-escolar-aos-alunos-da-rede-municipal-de-ensino\/","title":{"rendered":"Amparo: Secretaria de Educa\u00e7\u00e3o entregar\u00e1 na pr\u00f3xima quarta-feira (12), o kit de merenda escolar aos alunos da rede municipal de ensino"},"content":{"rendered":"\n<p>A Secretaria Municipal de Educa\u00e7\u00e3o de Amparo, far\u00e1 a entrega na pr\u00f3xima quarta-feira (12), do kit de merenda escolar aos alunos da rede municipal de ensino.<\/p>\n\n\n\n<p><br>Os pais dos alunos da zona urbana receber\u00e3o o kit \u00e0s 09:00h na quadra da escola Ildefonso Anselmo da Silva. J\u00e1 os alunos da zona rural, recebem o kit nos pontos onde aguardam o transporte escolar.<\/p>\n\n\n\n<p><br>Os pais ou respons\u00e1veis devem est\u00e1 portando o documento de CPF no ato do recebimento.<\/p>\n","protected":false},"excerpt":{"rendered":"<p>A Secretaria Municipal de Educa\u00e7\u00e3o de Amparo, far\u00e1 a entrega na pr\u00f3xima quarta-feira (12), do kit de merenda escolar aos alunos da rede municipal de&hellip; <\/p>\n","protected":false},"author":1,"featured_media":182914,"comment_status":"closed","ping_status":"closed","sticky":false,"template":"","format":"standard","meta":{"sfsi_plus_gutenberg_text_before_share":"","sfsi_plus_gutenberg_show_text_before_share":"","sfsi_plus_gutenberg_icon_type":"","sfsi_plus_gutenberg_icon_alignemt":"","sfsi_plus_gutenburg_max_per_row":"","footnotes":""},"categories":[6],"tags":[],"class_list":["post-182913","post","type-post","status-publish","format-standard","has-post-thumbnail","hentry","category-cidades"],"_links":{"self":[{"href":"https:\/\/www.caririemacao.com\/1\/wp-json\/wp\/v2\/posts\/182913","targetHints":{"allow":["GET"]}}],"collection":[{"href":"https:\/\/www.caririemacao.com\/1\/wp-json\/wp\/v2\/posts"}],"about":[{"href":"https:\/\/www.caririemacao.com\/1\/wp-json\/wp\/v2\/types\/post"}],"author":[{"embeddable":true,"href":"https:\/\/www.caririemacao.com\/1\/wp-json\/wp\/v2\/users\/1"}],"replies":[{"embeddable":true,"href":"https:\/\/www.caririemacao.com\/1\/wp-json\/wp\/v2\/comments?post=182913"}],"version-history":[{"count":1,"href":"https:\/\/www.caririemacao.com\/1\/wp-json\/wp\/v2\/posts\/182913\/revisions"}],"predecessor-version":[{"id":182915,"href":"https:\/\/www.caririemacao.com\/1\/wp-json\/wp\/v2\/posts\/182913\/revisions\/182915"}],"wp:featuredmedia":[{"embeddable":true,"href":"https:\/\/www.caririemacao.com\/1\/wp-json\/wp\/v2\/media\/182914"}],"wp:attachment":[{"href":"https:\/\/www.caririemacao.com\/1\/wp-json\/wp\/v2\/media?parent=182913"}],"wp:term":[{"taxonomy":"category","embeddable":true,"href":"https:\/\/www.caririemacao.com\/1\/wp-json\/wp\/v2\/categories?post=182913"},{"taxonomy":"post_tag","embeddable":true,"href":"https:\/\/www.caririemacao.com\/1\/wp-json\/wp\/v2\/tags?post=182913"}],"curies":[{"name":"wp","href":"https:\/\/api.w.org\/{rel}","templated":true}]}}