{"id":182918,"date":"2020-08-10T14:45:26","date_gmt":"2020-08-10T17:45:26","guid":{"rendered":"https:\/\/www.caririemacao.com\/1\/?p=182918"},"modified":"2020-08-10T14:45:26","modified_gmt":"2020-08-10T17:45:26","slug":"governo-da-pb-divulga-nova-avaliacao-do-plano-novo-normal-com-86-das-cidades-em-bandeira-amarela","status":"publish","type":"post","link":"https:\/\/www.caririemacao.com\/1\/2020\/08\/10\/governo-da-pb-divulga-nova-avaliacao-do-plano-novo-normal-com-86-das-cidades-em-bandeira-amarela\/","title":{"rendered":"Governo da PB divulga nova avalia\u00e7\u00e3o do Plano Novo Normal com 86% das cidades em bandeira amarela"},"content":{"rendered":"\n<p>O Governo da Para\u00edba divulgou a 5\u00aa avalia\u00e7\u00e3o do Plano Novo Normal para Para\u00edba, que passa a vigorar a partir desta segunda-feira (10). Dos 223 munic\u00edpios paraibanos, 191 (86%) est\u00e3o na bandeira amarela, incluindo Jo\u00e3o Pessoa, Cabedelo, Campina Grande, Patos e Guarabira; sendo 23&nbsp;&nbsp;munic\u00edpios (10%)&nbsp;&nbsp;na bandeira laranja, incluindo Bayeux e Santa Rita e,&nbsp;&nbsp;9 munic\u00edpios (4%)&nbsp;&nbsp;na bandeira verde.&nbsp;&nbsp;A Avalia\u00e7\u00e3o, protocolos e notas t\u00e9cnicas podem ser acessados no link&nbsp;<strong><a href=\"http:\/\/paraiba.pb.gov.br\/diretas\/saude\/coronavirus\/novonormalpb\" target=\"_blank\" rel=\"noreferrer noopener\">paraiba.pb.gov.br\/diretas\/saude\/coronavirus\/novonormalpb<\/a><\/strong><\/p>\n\n\n\n<p>Nesta 5\u00aa avalia\u00e7\u00e3o, segundo o governo, \u00e9 importante destacar que&nbsp;parte significativa dos munic\u00edpios que se encontravam em bandeira amarela na 4\u00aa avalia\u00e7\u00e3o permanece nesta condi\u00e7\u00e3o,&nbsp;observando-se um discreto crescimento de 83% para 86% dos munic\u00edpios paraibanos nesta bandeira. Mais uma vez constatou-se transi\u00e7\u00e3o majorit\u00e1ria das demais bandeiras para bandeira amarela, com crescimento de 3% nesta \u00faltima avalia\u00e7\u00e3o. A bandeira laranja permaneceu est\u00e1vel com 10% dos munic\u00edpios paraibanos, j\u00e1 a bandeira verde demonstrou ligeiro decr\u00e9scimo de 7% para 4% dos munic\u00edpios paraibanos.<\/p>\n\n\n\n<p>A Nota T\u00e9cnica de avalia\u00e7\u00e3o e an\u00e1lise de transi\u00e7\u00e3o das bandeiras recomenda robusto incentivo e ampla divulga\u00e7\u00e3o, com promo\u00e7\u00e3o di\u00e1ria das medidas n\u00e3o farmacol\u00f3gicas de combate \u00e0 Covid-19, por parte das autoridades sanit\u00e1rias municipais.<\/p>\n\n\n\n<p>O secret\u00e1rio Executivo da Sa\u00fade, Daniel Beltrammi, refor\u00e7ou&nbsp;&nbsp;que \u201cas mais eficazes medidas protetivas da popula\u00e7\u00e3o s\u00e3o o uso ostensivo de m\u00e1scaras, a lavagem das m\u00e3os e a manuten\u00e7\u00e3o do distanciamento social o quanto poss\u00edvel, ante aos diferentes cen\u00e1rios de retomada das atividades produtivas na Para\u00edba. Tais retomadas devem ocorrer, preferencialmente, em aten\u00e7\u00e3o aos protocolos definidos pelas autoridades sanit\u00e1rias competentes\u201d. Neste sentido, a Secretaria de Estado da Sa\u00fade disponibiliza um importante conjunto de protocolos em seu portal destinado \u00e0 Covid-19 (<strong><a href=\"https:\/\/paraiba.us20.list-manage.com\/track\/click?u=63cd2f513d25ab116c25e0753&amp;id=3beffffffb&amp;e=a57453537e\" target=\"_blank\" rel=\"noreferrer noopener\">https:\/\/paraiba.pb.gov.br\/diretas\/saude\/coronavirus\/protocolos-sanitarios<\/a>&nbsp;<\/strong>).<\/p>\n\n\n\n<p>A Nota tamb\u00e9m traz altera\u00e7\u00f5es sobre a recomenda\u00e7\u00e3o de funcionamento de atividades de Bares, Restaurantes e Academias nos munic\u00edpios com bandeira amarela, que passam&nbsp;&nbsp;a funcionar, observada a ado\u00e7\u00e3o de novos protocolos.<\/p>\n\n\n\n<p>Beltrammi afirma ainda ser de fundamental import\u00e2ncia que todos munic\u00edpios paraibanos desdobrem os esfor\u00e7os necess\u00e1rios para frenar qualquer tend\u00eancia de r\u00e1pido crescimento e ac\u00famulo de casos e \u00f3bitos da Covid-19, \u201co que certamente colaborar\u00e1 para o sucesso do combate e a mais c\u00e9lere atenua\u00e7\u00e3o dos efeitos negativos da pandemia da Covid-19 em todo Estado\u201d.<\/p>\n\n\n\n<h4 class=\"wp-block-heading\"><strong>Recomenda\u00e7\u00f5es relacionadas \u00e0s atividades educacionais&nbsp;<\/strong><\/h4>\n\n\n\n<p>A Secretaria de Estado da Sa\u00fade tamb\u00e9m divulgou Nota T\u00e9cnica&nbsp;sobre as atividades educacionais de forma presencial, recomendando que n\u00e3o sejam retomadas qualquer esp\u00e9cie de atividades de ensino regular nesse momento.&nbsp;&nbsp;A Nota afirma que \u201ca retomada das atividades educacionais s\u00e3o certamente o maior desafio que todo o mundo tem enfrentado em tempos de Pandemia da Covid-19\u201d. S\u00f3 na Para\u00edba, as an\u00e1lises das matr\u00edculas realizadas nas redes p\u00fablicas estaduais e municipais, da educa\u00e7\u00e3o infantil ao ensino b\u00e1sico, re\u00fanem mais de 575.000 estudantes. A retomada das atividades educacionais, ainda que de forma lenta e gradual e mesmo que realizada com menores frequ\u00eancias semanais de aulas presenciais, certamente mobilizar\u00e1 contingentes significativos de pessoas, que tamb\u00e9m passar\u00e3o a ter conv\u00edvio mais frequente e pr\u00f3ximo, posto que o distanciamento social, que \u00e9 tarefa de dif\u00edcil ades\u00e3o e execu\u00e7\u00e3o mesmo para adultos, torna-se quase inexequ\u00edvel quando se fala em crian\u00e7as e adolescentes.<\/p>\n\n\n\n<p>Daniel Beltrammi destaca que, \u201cse 30% destas pessoas mais vulner\u00e1veis forem infectadas por estas crian\u00e7as e adolescentes, majoritariamente portadoras assintom\u00e1ticas do v\u00edrus, uma vez retomadas as atividades presenciais, mesmo que em menor frequ\u00eancia di\u00e1ria de aulas, ser\u00e3o necess\u00e1rios, entre os meses de setembro e dezembro de 2020, pelo menos, mais 254 leitos de UTI dispon\u00edveis ao m\u00eas e mais 332 leitos de enfermaria, tamb\u00e9m dispon\u00edveis em cada m\u00eas, considerando que se mantenham est\u00e1veis as atuais demandas por interna\u00e7\u00f5es pela Covid-19, que tamb\u00e9m podem variar para mais, em fun\u00e7\u00e3o das retomadas mais vigorosas e j\u00e1 vigentes para outras atividades cotidianas\u201d.<\/p>\n\n\n\n<p>A&nbsp;nota tamb\u00e9m destaca que \u00e9 pertinente propor que at\u00e9 que se concluam estudos populacionais&nbsp;promovidos pelas Secretarias de Estado da Sa\u00fade e da Educa\u00e7\u00e3o (j\u00e1 em andamento), que re\u00fanam n\u00edveis de acur\u00e1cia aceit\u00e1veis para proje\u00e7\u00e3o e an\u00e1lise da preval\u00eancia e da incid\u00eancia da Covid-19 no Estado da Para\u00edba, n\u00e3o sejam retomadas qualquer esp\u00e9cie de atividades de ensino regular. Prop\u00f5e-se tamb\u00e9m que, desde j\u00e1, sejam constru\u00eddas e disponibilizadas recomenda\u00e7\u00f5es preparat\u00f3rias para retomada lenta e gradual das atividades educacionais presenciais, a serem aplicadas assim que as an\u00e1lises citadas estejam dispon\u00edveis e apontem n\u00edveis de seguran\u00e7a, que permitam tais retomadas.<\/p>\n\n\n\n<p>Esta recomenda\u00e7\u00e3o t\u00e9cnica complementa o painel de atividades por bandeira do Plano Novo Normal, uma vez que o retorno das atividades educacionais com novos protocolos e nova defini\u00e7\u00e3o dos calend\u00e1rios escolares, previsto somente na bandeira verde, tamb\u00e9m demandar\u00e1 a compreens\u00e3o acurada quanto ao momento mais oportuno e seguro para esta retomada. Logo os munic\u00edpios que se encontram em bandeira verde n\u00e3o devem retomar atividades educacionais presenciais, sem que se concluam os estudos propostos.<\/p>\n\n\n\n<p>Ainda segundo a Nota T\u00e9cnica,&nbsp;&nbsp;ser\u00e1 permitida a retomada das atividades pr\u00e1ticas presencias dos cursos de gradua\u00e7\u00e3o das \u00e1reas de sa\u00fade em fase de conclus\u00e3o (\u00faltimos 4 semestres do cursos de medicina e \u00faltimos 2 semestres dos demais cursos), conforme protocolos vigentes, com vistas a garantir a progress\u00e3o de seus graduandos concluintes, no intuito de preservar a produ\u00e7\u00e3o cont\u00ednua de reservas t\u00e9cnicas de capacidades humanas em sa\u00fade, fundamentais para a preserva\u00e7\u00e3o da vida dos indiv\u00edduos que venham a padecer da Covid-19.<\/p>\n\n\n\n<p>Daniel conclui que \u201ca jornada de combate ao novo Coronav\u00edrus foi intensa e bastante extenuante at\u00e9 aqui, exigindo o empenho de toda popula\u00e7\u00e3o do Estado\u201d. O secret\u00e1rio tamb\u00e9m recorda que \u201cem momento algum o sistema de sa\u00fade do Estado exauriu-se, posto que nenhuma fam\u00edlia paraibana ficou em filas de espera por leitos de enfermaria e de UTI. In\u00fameras vidas foram salvas ao garantirmos de forma sustentada os n\u00edveis de isolamento social em torno de 40% e tamb\u00e9m o uso de m\u00e1scaras e a lavagem das m\u00e3os, como pr\u00e1ticas cotidianas em nossas vidas. N\u00e3o podemos retroceder, ou colocar a perder tudo que pudemos conquistar com muito esfor\u00e7o pessoal e coletivo na Para\u00edba\u201d.<\/p>\n","protected":false},"excerpt":{"rendered":"<p>O Governo da Para\u00edba divulgou a 5\u00aa avalia\u00e7\u00e3o do Plano Novo Normal para Para\u00edba, que passa a vigorar a partir desta segunda-feira (10). Dos 223&hellip; <\/p>\n","protected":false},"author":2,"featured_media":182920,"comment_status":"closed","ping_status":"closed","sticky":false,"template":"","format":"standard","meta":{"sfsi_plus_gutenberg_text_before_share":"","sfsi_plus_gutenberg_show_text_before_share":"","sfsi_plus_gutenberg_icon_type":"","sfsi_plus_gutenberg_icon_alignemt":"","sfsi_plus_gutenburg_max_per_row":"","footnotes":""},"categories":[6],"tags":[],"class_list":["post-182918","post","type-post","status-publish","format-standard","has-post-thumbnail","hentry","category-cidades"],"_links":{"self":[{"href":"https:\/\/www.caririemacao.com\/1\/wp-json\/wp\/v2\/posts\/182918","targetHints":{"allow":["GET"]}}],"collection":[{"href":"https:\/\/www.caririemacao.com\/1\/wp-json\/wp\/v2\/posts"}],"about":[{"href":"https:\/\/www.caririemacao.com\/1\/wp-json\/wp\/v2\/types\/post"}],"author":[{"embeddable":true,"href":"https:\/\/www.caririemacao.com\/1\/wp-json\/wp\/v2\/users\/2"}],"replies":[{"embeddable":true,"href":"https:\/\/www.caririemacao.com\/1\/wp-json\/wp\/v2\/comments?post=182918"}],"version-history":[{"count":1,"href":"https:\/\/www.caririemacao.com\/1\/wp-json\/wp\/v2\/posts\/182918\/revisions"}],"predecessor-version":[{"id":182921,"href":"https:\/\/www.caririemacao.com\/1\/wp-json\/wp\/v2\/posts\/182918\/revisions\/182921"}],"wp:featuredmedia":[{"embeddable":true,"href":"https:\/\/www.caririemacao.com\/1\/wp-json\/wp\/v2\/media\/182920"}],"wp:attachment":[{"href":"https:\/\/www.caririemacao.com\/1\/wp-json\/wp\/v2\/media?parent=182918"}],"wp:term":[{"taxonomy":"category","embeddable":true,"href":"https:\/\/www.caririemacao.com\/1\/wp-json\/wp\/v2\/categories?post=182918"},{"taxonomy":"post_tag","embeddable":true,"href":"https:\/\/www.caririemacao.com\/1\/wp-json\/wp\/v2\/tags?post=182918"}],"curies":[{"name":"wp","href":"https:\/\/api.w.org\/{rel}","templated":true}]}}