{"id":182919,"date":"2020-08-10T14:48:10","date_gmt":"2020-08-10T17:48:10","guid":{"rendered":"https:\/\/www.caririemacao.com\/1\/?p=182919"},"modified":"2020-08-10T14:48:10","modified_gmt":"2020-08-10T17:48:10","slug":"prefeitura-de-amparo-realiza-melhorias-no-acesso-a-passagem-molhada-no-sitio-salgadinho-e-cacimba-de-baixo","status":"publish","type":"post","link":"https:\/\/www.caririemacao.com\/1\/2020\/08\/10\/prefeitura-de-amparo-realiza-melhorias-no-acesso-a-passagem-molhada-no-sitio-salgadinho-e-cacimba-de-baixo\/","title":{"rendered":"Prefeitura de Amparo realiza melhorias no acesso \u00e0 passagem molhada no s\u00edtio Salgadinho e Cacimba de baixo"},"content":{"rendered":"\n<p>Prefeitura Municipal de Amparo atrav\u00e9s da Secretaria Municipal de Agricultura e Abastecimento, coordena\u00e7\u00e3o de m\u00e1quinas do PAC, realiza melhorias no acesso \u00e0 passagem molhada localizada entre os s\u00edtios Salgadinho e Cacimba de baixo. <\/p>\n\n\n\n<p>Nesta ter\u00e7a-feira (11), o prefeito In\u00e1cio N\u00f3brega estar\u00e1 fazendo a entrega oficial da constru\u00e7\u00e3o da passagem molhada que d\u00e1 acesso a Cacimba de baixo juntamente com representantes do governo do Estado da Para\u00edba.<\/p>\n\n\n\n<p><\/p>\n","protected":false},"excerpt":{"rendered":"<p>Prefeitura Municipal de Amparo atrav\u00e9s da Secretaria Municipal de Agricultura e Abastecimento, coordena\u00e7\u00e3o de m\u00e1quinas do PAC, realiza melhorias no acesso \u00e0 passagem molhada localizada&hellip; <\/p>\n","protected":false},"author":1,"featured_media":182923,"comment_status":"closed","ping_status":"closed","sticky":false,"template":"","format":"standard","meta":{"sfsi_plus_gutenberg_text_before_share":"","sfsi_plus_gutenberg_show_text_before_share":"","sfsi_plus_gutenberg_icon_type":"","sfsi_plus_gutenberg_icon_alignemt":"","sfsi_plus_gutenburg_max_per_row":"","footnotes":""},"categories":[6],"tags":[],"class_list":["post-182919","post","type-post","status-publish","format-standard","has-post-thumbnail","hentry","category-cidades"],"_links":{"self":[{"href":"https:\/\/www.caririemacao.com\/1\/wp-json\/wp\/v2\/posts\/182919","targetHints":{"allow":["GET"]}}],"collection":[{"href":"https:\/\/www.caririemacao.com\/1\/wp-json\/wp\/v2\/posts"}],"about":[{"href":"https:\/\/www.caririemacao.com\/1\/wp-json\/wp\/v2\/types\/post"}],"author":[{"embeddable":true,"href":"https:\/\/www.caririemacao.com\/1\/wp-json\/wp\/v2\/users\/1"}],"replies":[{"embeddable":true,"href":"https:\/\/www.caririemacao.com\/1\/wp-json\/wp\/v2\/comments?post=182919"}],"version-history":[{"count":1,"href":"https:\/\/www.caririemacao.com\/1\/wp-json\/wp\/v2\/posts\/182919\/revisions"}],"predecessor-version":[{"id":182928,"href":"https:\/\/www.caririemacao.com\/1\/wp-json\/wp\/v2\/posts\/182919\/revisions\/182928"}],"wp:featuredmedia":[{"embeddable":true,"href":"https:\/\/www.caririemacao.com\/1\/wp-json\/wp\/v2\/media\/182923"}],"wp:attachment":[{"href":"https:\/\/www.caririemacao.com\/1\/wp-json\/wp\/v2\/media?parent=182919"}],"wp:term":[{"taxonomy":"category","embeddable":true,"href":"https:\/\/www.caririemacao.com\/1\/wp-json\/wp\/v2\/categories?post=182919"},{"taxonomy":"post_tag","embeddable":true,"href":"https:\/\/www.caririemacao.com\/1\/wp-json\/wp\/v2\/tags?post=182919"}],"curies":[{"name":"wp","href":"https:\/\/api.w.org\/{rel}","templated":true}]}}