{"id":182929,"date":"2020-08-10T14:51:52","date_gmt":"2020-08-10T17:51:52","guid":{"rendered":"https:\/\/www.caririemacao.com\/1\/?p=182929"},"modified":"2020-08-10T14:51:52","modified_gmt":"2020-08-10T17:51:52","slug":"amparo-coordenacao-de-maquinas-do-pac-segue-cronograma-de-patrolamento-das-estradas-vicinais","status":"publish","type":"post","link":"https:\/\/www.caririemacao.com\/1\/2020\/08\/10\/amparo-coordenacao-de-maquinas-do-pac-segue-cronograma-de-patrolamento-das-estradas-vicinais\/","title":{"rendered":"Amparo: coordena\u00e7\u00e3o de m\u00e1quinas do PAC segue cronograma de patrolamento das estradas vicinais"},"content":{"rendered":"\n<p>A Coordena\u00e7\u00e3o de m\u00e1quinas do PAC seguiu com o cronograma de patrolamento das estradas vicinais do munic\u00edpio. <\/p>\n\n\n\n<p>Na manh\u00e3 da \u00faltima sexta-feira (07), os servi\u00e7os estiveram concentrados na comunidade rural do Amaro (I e II). <\/p>\n","protected":false},"excerpt":{"rendered":"<p>A Coordena\u00e7\u00e3o de m\u00e1quinas do PAC seguiu com o cronograma de patrolamento das estradas vicinais do munic\u00edpio. Na manh\u00e3 da \u00faltima sexta-feira (07), os servi\u00e7os&hellip; <\/p>\n","protected":false},"author":1,"featured_media":182931,"comment_status":"closed","ping_status":"closed","sticky":false,"template":"","format":"standard","meta":{"sfsi_plus_gutenberg_text_before_share":"","sfsi_plus_gutenberg_show_text_before_share":"","sfsi_plus_gutenberg_icon_type":"","sfsi_plus_gutenberg_icon_alignemt":"","sfsi_plus_gutenburg_max_per_row":"","footnotes":""},"categories":[6],"tags":[],"class_list":["post-182929","post","type-post","status-publish","format-standard","has-post-thumbnail","hentry","category-cidades"],"_links":{"self":[{"href":"https:\/\/www.caririemacao.com\/1\/wp-json\/wp\/v2\/posts\/182929","targetHints":{"allow":["GET"]}}],"collection":[{"href":"https:\/\/www.caririemacao.com\/1\/wp-json\/wp\/v2\/posts"}],"about":[{"href":"https:\/\/www.caririemacao.com\/1\/wp-json\/wp\/v2\/types\/post"}],"author":[{"embeddable":true,"href":"https:\/\/www.caririemacao.com\/1\/wp-json\/wp\/v2\/users\/1"}],"replies":[{"embeddable":true,"href":"https:\/\/www.caririemacao.com\/1\/wp-json\/wp\/v2\/comments?post=182929"}],"version-history":[{"count":1,"href":"https:\/\/www.caririemacao.com\/1\/wp-json\/wp\/v2\/posts\/182929\/revisions"}],"predecessor-version":[{"id":182935,"href":"https:\/\/www.caririemacao.com\/1\/wp-json\/wp\/v2\/posts\/182929\/revisions\/182935"}],"wp:featuredmedia":[{"embeddable":true,"href":"https:\/\/www.caririemacao.com\/1\/wp-json\/wp\/v2\/media\/182931"}],"wp:attachment":[{"href":"https:\/\/www.caririemacao.com\/1\/wp-json\/wp\/v2\/media?parent=182929"}],"wp:term":[{"taxonomy":"category","embeddable":true,"href":"https:\/\/www.caririemacao.com\/1\/wp-json\/wp\/v2\/categories?post=182929"},{"taxonomy":"post_tag","embeddable":true,"href":"https:\/\/www.caririemacao.com\/1\/wp-json\/wp\/v2\/tags?post=182929"}],"curies":[{"name":"wp","href":"https:\/\/api.w.org\/{rel}","templated":true}]}}