{"id":182936,"date":"2020-08-10T15:16:34","date_gmt":"2020-08-10T18:16:34","guid":{"rendered":"https:\/\/www.caririemacao.com\/1\/?p=182936"},"modified":"2020-08-10T15:16:34","modified_gmt":"2020-08-10T18:16:34","slug":"prefeitura-de-amparo-realiza-parceria-com-senar-para-promover-acesso-de-assistencia-tecnica-e-gerencial-aos-medios-e-pequenos-produtores","status":"publish","type":"post","link":"https:\/\/www.caririemacao.com\/1\/2020\/08\/10\/prefeitura-de-amparo-realiza-parceria-com-senar-para-promover-acesso-de-assistencia-tecnica-e-gerencial-aos-medios-e-pequenos-produtores\/","title":{"rendered":"Prefeitura de Amparo realiza parceria com SENAR para promover acesso de Assist\u00eancia T\u00e9cnica e Gerencial aos m\u00e9dios e pequenos produtores"},"content":{"rendered":"\n<p>Com o objetivo de promover o acesso a um modelo de adequa\u00e7\u00e3o tecnol\u00f3gica associado \u00e0 consultoria gerencial das propriedades rurais, o Servi\u00e7o Nacional de Aprendizagem Rural (SENAR), realizou parceria com a prefeitura municipal de Amparo atrav\u00e9s de secretaria municipal de agricultura, onde assume o compromisso de implantar uma metodologia a n\u00edvel nacional de Assist\u00eancia T\u00e9cnica e Gerencial, direcionada principalmente aos m\u00e9dios e pequenos produtores rurais. <\/p>\n\n\n\n<p>As propriedades rurais receber\u00e3o visitas mensais e individuais realizadas pela D.ra em Zootecnia Ana Barros e ter\u00e1 o foco na cadeia produtiva da caprinocultura de leite a priori. <\/p>\n\n\n\n<p>A metodologia de Assist\u00eancia T\u00e9cnica e Gerencial acontecer\u00e1 em cinco etapas: Diagn\u00f3stico Produtivo,Planejamento Estrat\u00e9gico, Adequa\u00e7\u00e3o Tecnol\u00f3gica, Capacita\u00e7\u00e3o Profissional Complementar e Avalia\u00e7\u00e3o Sistem\u00e1tica de Resultados.<\/p>\n\n\n\n<p><br>Por meio do acompanhamento t\u00e9cnico cont\u00ednuo e intensivo a correta utiliza\u00e7\u00e3o dos recursos produtivos, essa tecnologia ir\u00e1 proporcionar aos produtores: aumento da efici\u00eancia produtiva, acesso do produtor ao mercado e habilidades para comercializar e competir, recupera\u00e7\u00e3o das \u00e1reas degradadas, gera\u00e7\u00e3o de renda, bem estar animal e evitar perdas quantitativas e qualitativas decorrentes de falhas no manejo.<\/p>\n","protected":false},"excerpt":{"rendered":"<p>Com o objetivo de promover o acesso a um modelo de adequa\u00e7\u00e3o tecnol\u00f3gica associado \u00e0 consultoria gerencial das propriedades rurais, o Servi\u00e7o Nacional de Aprendizagem&hellip; <\/p>\n","protected":false},"author":1,"featured_media":182937,"comment_status":"closed","ping_status":"closed","sticky":false,"template":"","format":"standard","meta":{"sfsi_plus_gutenberg_text_before_share":"","sfsi_plus_gutenberg_show_text_before_share":"","sfsi_plus_gutenberg_icon_type":"","sfsi_plus_gutenberg_icon_alignemt":"","sfsi_plus_gutenburg_max_per_row":"","footnotes":""},"categories":[6],"tags":[],"class_list":["post-182936","post","type-post","status-publish","format-standard","has-post-thumbnail","hentry","category-cidades"],"_links":{"self":[{"href":"https:\/\/www.caririemacao.com\/1\/wp-json\/wp\/v2\/posts\/182936","targetHints":{"allow":["GET"]}}],"collection":[{"href":"https:\/\/www.caririemacao.com\/1\/wp-json\/wp\/v2\/posts"}],"about":[{"href":"https:\/\/www.caririemacao.com\/1\/wp-json\/wp\/v2\/types\/post"}],"author":[{"embeddable":true,"href":"https:\/\/www.caririemacao.com\/1\/wp-json\/wp\/v2\/users\/1"}],"replies":[{"embeddable":true,"href":"https:\/\/www.caririemacao.com\/1\/wp-json\/wp\/v2\/comments?post=182936"}],"version-history":[{"count":1,"href":"https:\/\/www.caririemacao.com\/1\/wp-json\/wp\/v2\/posts\/182936\/revisions"}],"predecessor-version":[{"id":182941,"href":"https:\/\/www.caririemacao.com\/1\/wp-json\/wp\/v2\/posts\/182936\/revisions\/182941"}],"wp:featuredmedia":[{"embeddable":true,"href":"https:\/\/www.caririemacao.com\/1\/wp-json\/wp\/v2\/media\/182937"}],"wp:attachment":[{"href":"https:\/\/www.caririemacao.com\/1\/wp-json\/wp\/v2\/media?parent=182936"}],"wp:term":[{"taxonomy":"category","embeddable":true,"href":"https:\/\/www.caririemacao.com\/1\/wp-json\/wp\/v2\/categories?post=182936"},{"taxonomy":"post_tag","embeddable":true,"href":"https:\/\/www.caririemacao.com\/1\/wp-json\/wp\/v2\/tags?post=182936"}],"curies":[{"name":"wp","href":"https:\/\/api.w.org\/{rel}","templated":true}]}}