{"id":182938,"date":"2020-08-10T15:06:33","date_gmt":"2020-08-10T18:06:33","guid":{"rendered":"https:\/\/www.caririemacao.com\/1\/?p=182938"},"modified":"2020-08-10T15:06:33","modified_gmt":"2020-08-10T18:06:33","slug":"pm-apreende-um-revolver-na-cidade-de-serra-branca","status":"publish","type":"post","link":"https:\/\/www.caririemacao.com\/1\/2020\/08\/10\/pm-apreende-um-revolver-na-cidade-de-serra-branca\/","title":{"rendered":"PM apreende um rev\u00f3lver na cidade de Serra Branca"},"content":{"rendered":"\n<p>A Pol\u00edcia Militar apreendeu uma arma de fogo com seis muni\u00e7\u00f5es com um suspeito na cidade de Serra Branca, regi\u00e3o do Cariri paraibano. A a\u00e7\u00e3o aconteceu na manh\u00e3 da segunda-feira (10).<\/p>\n\n\n\n<p>Os policiais do 11\u00ba Batalh\u00e3o chegaram at\u00e9 o suspeito e a arma atrav\u00e9s de uma den\u00fancia. Na abordagem, o homem de 50 anos de idade, apresentava estar alcoolizado e foi encontrado de posse do mesmo, um rev\u00f3lver calibre 22. A arma e o acusado foram encaminhados para a Delegacia de Pol\u00edcia Civil de Serra Branca.<\/p>\n\n\n\n<p><em>11\u00ba BPM \u2013 Batalh\u00e3o 1\u00ba SGT Ylton Sales Silva<\/em><br><em>Se\u00e7\u00e3o de Comunica\u00e7\u00e3o Social e Marketing Institucional do 11\u00ba BPM<\/em><\/p>\n","protected":false},"excerpt":{"rendered":"<p>A Pol\u00edcia Militar apreendeu uma arma de fogo com seis muni\u00e7\u00f5es com um suspeito na cidade de Serra Branca, regi\u00e3o do Cariri paraibano. A a\u00e7\u00e3o&hellip; <\/p>\n","protected":false},"author":1,"featured_media":182939,"comment_status":"closed","ping_status":"closed","sticky":false,"template":"","format":"standard","meta":{"sfsi_plus_gutenberg_text_before_share":"","sfsi_plus_gutenberg_show_text_before_share":"","sfsi_plus_gutenberg_icon_type":"","sfsi_plus_gutenberg_icon_alignemt":"","sfsi_plus_gutenburg_max_per_row":"","footnotes":""},"categories":[6],"tags":[],"class_list":["post-182938","post","type-post","status-publish","format-standard","has-post-thumbnail","hentry","category-cidades"],"_links":{"self":[{"href":"https:\/\/www.caririemacao.com\/1\/wp-json\/wp\/v2\/posts\/182938","targetHints":{"allow":["GET"]}}],"collection":[{"href":"https:\/\/www.caririemacao.com\/1\/wp-json\/wp\/v2\/posts"}],"about":[{"href":"https:\/\/www.caririemacao.com\/1\/wp-json\/wp\/v2\/types\/post"}],"author":[{"embeddable":true,"href":"https:\/\/www.caririemacao.com\/1\/wp-json\/wp\/v2\/users\/1"}],"replies":[{"embeddable":true,"href":"https:\/\/www.caririemacao.com\/1\/wp-json\/wp\/v2\/comments?post=182938"}],"version-history":[{"count":1,"href":"https:\/\/www.caririemacao.com\/1\/wp-json\/wp\/v2\/posts\/182938\/revisions"}],"predecessor-version":[{"id":182940,"href":"https:\/\/www.caririemacao.com\/1\/wp-json\/wp\/v2\/posts\/182938\/revisions\/182940"}],"wp:featuredmedia":[{"embeddable":true,"href":"https:\/\/www.caririemacao.com\/1\/wp-json\/wp\/v2\/media\/182939"}],"wp:attachment":[{"href":"https:\/\/www.caririemacao.com\/1\/wp-json\/wp\/v2\/media?parent=182938"}],"wp:term":[{"taxonomy":"category","embeddable":true,"href":"https:\/\/www.caririemacao.com\/1\/wp-json\/wp\/v2\/categories?post=182938"},{"taxonomy":"post_tag","embeddable":true,"href":"https:\/\/www.caririemacao.com\/1\/wp-json\/wp\/v2\/tags?post=182938"}],"curies":[{"name":"wp","href":"https:\/\/api.w.org\/{rel}","templated":true}]}}