{"id":182942,"date":"2020-08-10T15:32:00","date_gmt":"2020-08-10T18:32:00","guid":{"rendered":"https:\/\/www.caririemacao.com\/1\/?p=182942"},"modified":"2020-08-10T15:32:00","modified_gmt":"2020-08-10T18:32:00","slug":"prefeitura-de-caraubas-abre-inscricao-para-a-iii-semana-do-bebe","status":"publish","type":"post","link":"https:\/\/www.caririemacao.com\/1\/2020\/08\/10\/prefeitura-de-caraubas-abre-inscricao-para-a-iii-semana-do-bebe\/","title":{"rendered":"Prefeitura de Cara\u00fabas abre inscri\u00e7\u00e3o para a III Semana do Beb\u00ea"},"content":{"rendered":"\n<p>A Prefeitura Municipal de Cara\u00fabas comunicou a popula\u00e7\u00e3o por meio das sociais, sobre a abertura das inscri\u00e7\u00f5es at\u00e9 o dia 21 de agosto para realiza\u00e7\u00e3o da III Semana do Beb\u00ea do munic\u00edpio de Cara\u00fabas. <\/p>\n\n\n\n<p>&#8220;Est\u00e3o abertas a partir de hoje at\u00e9 o dia 21 de Agosto, as inscri\u00e7\u00f5es para a realiza\u00e7\u00e3o da III Semana do Beb\u00ea do munic\u00edpio de Cara\u00fabas. Poder\u00e3o participar beb\u00eas com idade de 0 a 2 anos. Realiza\u00e7\u00e3o Prefeitura Municipal de Cara\u00fabas. Promo\u00e7\u00e3o SEMAS!&#8221;, Seplacom. <\/p>\n","protected":false},"excerpt":{"rendered":"<p>A Prefeitura Municipal de Cara\u00fabas comunicou a popula\u00e7\u00e3o por meio das sociais, sobre a abertura das inscri\u00e7\u00f5es at\u00e9 o dia 21 de agosto para realiza\u00e7\u00e3o&hellip; <\/p>\n","protected":false},"author":1,"featured_media":182943,"comment_status":"closed","ping_status":"closed","sticky":false,"template":"","format":"standard","meta":{"sfsi_plus_gutenberg_text_before_share":"","sfsi_plus_gutenberg_show_text_before_share":"","sfsi_plus_gutenberg_icon_type":"","sfsi_plus_gutenberg_icon_alignemt":"","sfsi_plus_gutenburg_max_per_row":"","footnotes":""},"categories":[6],"tags":[],"class_list":["post-182942","post","type-post","status-publish","format-standard","has-post-thumbnail","hentry","category-cidades"],"_links":{"self":[{"href":"https:\/\/www.caririemacao.com\/1\/wp-json\/wp\/v2\/posts\/182942","targetHints":{"allow":["GET"]}}],"collection":[{"href":"https:\/\/www.caririemacao.com\/1\/wp-json\/wp\/v2\/posts"}],"about":[{"href":"https:\/\/www.caririemacao.com\/1\/wp-json\/wp\/v2\/types\/post"}],"author":[{"embeddable":true,"href":"https:\/\/www.caririemacao.com\/1\/wp-json\/wp\/v2\/users\/1"}],"replies":[{"embeddable":true,"href":"https:\/\/www.caririemacao.com\/1\/wp-json\/wp\/v2\/comments?post=182942"}],"version-history":[{"count":1,"href":"https:\/\/www.caririemacao.com\/1\/wp-json\/wp\/v2\/posts\/182942\/revisions"}],"predecessor-version":[{"id":182944,"href":"https:\/\/www.caririemacao.com\/1\/wp-json\/wp\/v2\/posts\/182942\/revisions\/182944"}],"wp:featuredmedia":[{"embeddable":true,"href":"https:\/\/www.caririemacao.com\/1\/wp-json\/wp\/v2\/media\/182943"}],"wp:attachment":[{"href":"https:\/\/www.caririemacao.com\/1\/wp-json\/wp\/v2\/media?parent=182942"}],"wp:term":[{"taxonomy":"category","embeddable":true,"href":"https:\/\/www.caririemacao.com\/1\/wp-json\/wp\/v2\/categories?post=182942"},{"taxonomy":"post_tag","embeddable":true,"href":"https:\/\/www.caririemacao.com\/1\/wp-json\/wp\/v2\/tags?post=182942"}],"curies":[{"name":"wp","href":"https:\/\/api.w.org\/{rel}","templated":true}]}}