{"id":182945,"date":"2020-08-10T16:52:51","date_gmt":"2020-08-10T19:52:51","guid":{"rendered":"https:\/\/www.caririemacao.com\/1\/?p=182945"},"modified":"2020-08-10T16:52:51","modified_gmt":"2020-08-10T19:52:51","slug":"mais-renda-no-campo-prefeita-de-monteiro-comemora-safra-recorde-de-algodao-organico","status":"publish","type":"post","link":"https:\/\/www.caririemacao.com\/1\/2020\/08\/10\/mais-renda-no-campo-prefeita-de-monteiro-comemora-safra-recorde-de-algodao-organico\/","title":{"rendered":"&#8220;Mais renda no campo&#8221;: Prefeita de Monteiro comemora safra recorde de algod\u00e3o org\u00e2nico"},"content":{"rendered":"\n<p>A Prefeita de Monteiro, Anna Lorena, est\u00e1 comemorando com os agricultores familiares da Vila Produtiva Rural Lafayette, a segunda colheita da cultura do algod\u00e3o org\u00e2nico que foi reintroduzida no in\u00edcio de 2019 e dever\u00e1 bater recorde de produ\u00e7\u00e3o nesta safra 2020. A a\u00e7\u00e3o faz parte do programa \u201cMais Renda no Campo\u201d, que tem o objetivo de oferecer mais uma alternativa de gera\u00e7\u00e3o de renda para o pequeno produtor rural.<\/p>\n\n\n\n<p>O Objetivo do Programa \u201cMais Renda no Campo\u201d, implantado em 2019, pela prefeita Anna Lorena \u00e9 facilitar a vida do trabalhador do campo durante o processo de cultivo, oferecer assist\u00eancia t\u00e9cnica e disponibilizar maquin\u00e1rios, tratores com condutores, combust\u00edvel e transporte de materiais para dar suporte aos pequenos agricultores.<\/p>\n\n\n\n<p>A Prefeitura de Monteiro, atrav\u00e9s da Secretaria de Agricultura, beneficiou, diretamente, 38 agricultores familiares assentados que receberam, ainda nas primeiras chuvas de fevereiro, o preparo do solo com o corte de terras para reintrodu\u00e7\u00e3o da cultura do algod\u00e3o org\u00e2nico.<\/p>\n\n\n\n<p>Segundo o Presidente da Associa\u00e7\u00e3o da Vila Produtiva Rural Lafayette, Agnaldo Freitas, todos os agricultores envolvidos no projeto, receberam, em m\u00e9dia, 2 horas de trator para a prepara\u00e7\u00e3o do solo. Na regi\u00e3o de Monteiro a previs\u00e3o de colheita \u00e9 de cerca de 30 hectares.<\/p>\n\n\n\n<p>Lorena disse que \u201cOs agricultores envolvidos no projeto, j\u00e1 est\u00e3o colhendo os frutos do seu esfor\u00e7o e comemorando a renda garantida com a venda pr\u00e9via de toda produ\u00e7\u00e3o. Lembrando que esse n\u00e3o \u00e9 um trabalho feito apenas por uma entidade. \u00c9 resultado da parceria entre Embrapa Algod\u00e3o, ONGs que fomentam a agroecologia na regi\u00e3o, como a Arriba\u00e7\u00e3, sob coordena\u00e7\u00e3o geral da ONG Diaconia, com suporte do Instituto C&amp;A, Prefeitura de Monteiro e, claro, a participa\u00e7\u00e3o de todos os agricultores que se envolveram no projeto\u201d Concluiu.<\/p>\n","protected":false},"excerpt":{"rendered":"<p>A Prefeita de Monteiro, Anna Lorena, est\u00e1 comemorando com os agricultores familiares da Vila Produtiva Rural Lafayette, a segunda colheita da cultura do algod\u00e3o org\u00e2nico&hellip; <\/p>\n","protected":false},"author":1,"featured_media":182949,"comment_status":"closed","ping_status":"closed","sticky":false,"template":"","format":"standard","meta":{"sfsi_plus_gutenberg_text_before_share":"","sfsi_plus_gutenberg_show_text_before_share":"","sfsi_plus_gutenberg_icon_type":"","sfsi_plus_gutenberg_icon_alignemt":"","sfsi_plus_gutenburg_max_per_row":"","footnotes":""},"categories":[6],"tags":[],"class_list":["post-182945","post","type-post","status-publish","format-standard","has-post-thumbnail","hentry","category-cidades"],"_links":{"self":[{"href":"https:\/\/www.caririemacao.com\/1\/wp-json\/wp\/v2\/posts\/182945","targetHints":{"allow":["GET"]}}],"collection":[{"href":"https:\/\/www.caririemacao.com\/1\/wp-json\/wp\/v2\/posts"}],"about":[{"href":"https:\/\/www.caririemacao.com\/1\/wp-json\/wp\/v2\/types\/post"}],"author":[{"embeddable":true,"href":"https:\/\/www.caririemacao.com\/1\/wp-json\/wp\/v2\/users\/1"}],"replies":[{"embeddable":true,"href":"https:\/\/www.caririemacao.com\/1\/wp-json\/wp\/v2\/comments?post=182945"}],"version-history":[{"count":1,"href":"https:\/\/www.caririemacao.com\/1\/wp-json\/wp\/v2\/posts\/182945\/revisions"}],"predecessor-version":[{"id":182950,"href":"https:\/\/www.caririemacao.com\/1\/wp-json\/wp\/v2\/posts\/182945\/revisions\/182950"}],"wp:featuredmedia":[{"embeddable":true,"href":"https:\/\/www.caririemacao.com\/1\/wp-json\/wp\/v2\/media\/182949"}],"wp:attachment":[{"href":"https:\/\/www.caririemacao.com\/1\/wp-json\/wp\/v2\/media?parent=182945"}],"wp:term":[{"taxonomy":"category","embeddable":true,"href":"https:\/\/www.caririemacao.com\/1\/wp-json\/wp\/v2\/categories?post=182945"},{"taxonomy":"post_tag","embeddable":true,"href":"https:\/\/www.caririemacao.com\/1\/wp-json\/wp\/v2\/tags?post=182945"}],"curies":[{"name":"wp","href":"https:\/\/api.w.org\/{rel}","templated":true}]}}