{"id":182946,"date":"2020-08-10T15:39:47","date_gmt":"2020-08-10T18:39:47","guid":{"rendered":"https:\/\/www.caririemacao.com\/1\/?p=182946"},"modified":"2020-08-10T15:39:47","modified_gmt":"2020-08-10T18:39:47","slug":"tradicional-cavalgada-de-emancipacao-politica-de-caraubas-e-cancelada-em-virtude-da-pandemia","status":"publish","type":"post","link":"https:\/\/www.caririemacao.com\/1\/2020\/08\/10\/tradicional-cavalgada-de-emancipacao-politica-de-caraubas-e-cancelada-em-virtude-da-pandemia\/","title":{"rendered":"Tradicional Cavalgada de Emancipa\u00e7\u00e3o Pol\u00edtica de Cara\u00fabas \u00e9 cancelada em virtude da pandemia"},"content":{"rendered":"\n<p>A Cavalgada da Emancipa\u00e7\u00e3o Pol\u00edtica do munic\u00edpio de Cara\u00fabas se tornou um evento consagrado e realizado anualmente, fazendo parte do calend\u00e1rio oficial de eventos do munic\u00edpio. <\/p>\n\n\n\n<p>Este ano em virtude da Pandemia n\u00e3o foi poss\u00edvel sua realiza\u00e7\u00e3o. &#8220;A Prefeitura Municipal de Cara\u00fabas mant\u00e9m a tradi\u00e7\u00e3o e os costumes de nossa terra pensando no Futuro de nossa gente&#8221;, Seplacom. <\/p>\n","protected":false},"excerpt":{"rendered":"<p>A Cavalgada da Emancipa\u00e7\u00e3o Pol\u00edtica do munic\u00edpio de Cara\u00fabas se tornou um evento consagrado e realizado anualmente, fazendo parte do calend\u00e1rio oficial de eventos do&hellip; <\/p>\n","protected":false},"author":1,"featured_media":182947,"comment_status":"closed","ping_status":"closed","sticky":false,"template":"","format":"standard","meta":{"sfsi_plus_gutenberg_text_before_share":"","sfsi_plus_gutenberg_show_text_before_share":"","sfsi_plus_gutenberg_icon_type":"","sfsi_plus_gutenberg_icon_alignemt":"","sfsi_plus_gutenburg_max_per_row":"","footnotes":""},"categories":[6],"tags":[],"class_list":["post-182946","post","type-post","status-publish","format-standard","has-post-thumbnail","hentry","category-cidades"],"_links":{"self":[{"href":"https:\/\/www.caririemacao.com\/1\/wp-json\/wp\/v2\/posts\/182946","targetHints":{"allow":["GET"]}}],"collection":[{"href":"https:\/\/www.caririemacao.com\/1\/wp-json\/wp\/v2\/posts"}],"about":[{"href":"https:\/\/www.caririemacao.com\/1\/wp-json\/wp\/v2\/types\/post"}],"author":[{"embeddable":true,"href":"https:\/\/www.caririemacao.com\/1\/wp-json\/wp\/v2\/users\/1"}],"replies":[{"embeddable":true,"href":"https:\/\/www.caririemacao.com\/1\/wp-json\/wp\/v2\/comments?post=182946"}],"version-history":[{"count":1,"href":"https:\/\/www.caririemacao.com\/1\/wp-json\/wp\/v2\/posts\/182946\/revisions"}],"predecessor-version":[{"id":182948,"href":"https:\/\/www.caririemacao.com\/1\/wp-json\/wp\/v2\/posts\/182946\/revisions\/182948"}],"wp:featuredmedia":[{"embeddable":true,"href":"https:\/\/www.caririemacao.com\/1\/wp-json\/wp\/v2\/media\/182947"}],"wp:attachment":[{"href":"https:\/\/www.caririemacao.com\/1\/wp-json\/wp\/v2\/media?parent=182946"}],"wp:term":[{"taxonomy":"category","embeddable":true,"href":"https:\/\/www.caririemacao.com\/1\/wp-json\/wp\/v2\/categories?post=182946"},{"taxonomy":"post_tag","embeddable":true,"href":"https:\/\/www.caririemacao.com\/1\/wp-json\/wp\/v2\/tags?post=182946"}],"curies":[{"name":"wp","href":"https:\/\/api.w.org\/{rel}","templated":true}]}}