{"id":182951,"date":"2020-08-10T16:55:17","date_gmt":"2020-08-10T19:55:17","guid":{"rendered":"https:\/\/www.caririemacao.com\/1\/?p=182951"},"modified":"2020-08-10T16:55:17","modified_gmt":"2020-08-10T19:55:17","slug":"prefeito-eden-duarte-entrega-obra-do-sume-shopping-a-populacao-sumeense","status":"publish","type":"post","link":"https:\/\/www.caririemacao.com\/1\/2020\/08\/10\/prefeito-eden-duarte-entrega-obra-do-sume-shopping-a-populacao-sumeense\/","title":{"rendered":"Prefeito \u00c9den Duarte entrega obra do Sum\u00e9 Shopping \u00e0 popula\u00e7\u00e3o sumeense"},"content":{"rendered":"\n<p>O prefeito \u00c9den entregou na manh\u00e3 dessa segunda-feira, 10, a obra do Centro de Comercializa\u00e7\u00e3o e Artesanato, o Sum\u00e9 Shopping.<\/p>\n\n\n\n<p>O evento contou com a participa\u00e7\u00e3o do prefeito \u00c9den Duarte, dos secret\u00e1rios municipais; dos vereadores: Le\u00f4nidas Albino (Bomba), Ant\u00f4nio Carlos Sarmento, Br\u00edgida Xavier, Daniel L\u00eala e Branco Xiliu; dos gerentes das ag\u00eancias banc\u00e1rias: Emanoel Moreira (Banco do Nordeste), Felipe Souza (Banco do Brasil) e Jo\u00e3o Paulo Miranda (Sicoob) e ainda do jovem L\u00facio Fl\u00e1vio, funcion\u00e1rio da empresa Guanabara, que na ocasi\u00e3o representou todos os lojistas do Shopping.<\/p>\n\n\n\n<p>A solenidade aconteceu nas depend\u00eancias do pr\u00e9dio, que leva o nome do senhor Elias Pereira de Ara\u00fajo, um dos primeiros comerciantes do munic\u00edpio de Sum\u00e9, que manteve alguns com\u00e9rcios em sua \u00e9poca e empregou muitos sumeenses naquele per\u00edodo.<\/p>\n\n\n\n<p>A obra traz em sua estrutura uma arquitetura moderna e impactante que abrigar\u00e1 51 lojas dos mais diversos segmentos, incluindo pra\u00e7a de alimenta\u00e7\u00e3o, choperia, pizzaria, restaurante, cafeteria e lanchonete gourmet. A maioria das salas ainda est\u00e1 sendo adaptada pelos comerciantes para que possam iniciar as atividades no pr\u00e9dio.<\/p>\n\n\n\n<figure class=\"wp-block-image\"><a href=\"https:\/\/www.sume.pb.gov.br\/wp-content\/uploads\/2020\/08\/IMG_2136.jpg\"><img decoding=\"async\" data-src=\"https:\/\/www.sume.pb.gov.br\/wp-content\/uploads\/2020\/08\/IMG_2136-300x200.jpg\" alt=\"\" src=\"data:image\/svg+xml;base64,PHN2ZyB3aWR0aD0iMSIgaGVpZ2h0PSIxIiB4bWxucz0iaHR0cDovL3d3dy53My5vcmcvMjAwMC9zdmciPjwvc3ZnPg==\" class=\"lazyload\" style=\"--smush-placeholder-width: 300px; --smush-placeholder-aspect-ratio: 300\/200;\" \/><\/a><\/figure>\n\n\n\n<figure class=\"wp-block-image\"><a href=\"https:\/\/www.sume.pb.gov.br\/wp-content\/uploads\/2020\/08\/IMG_2197.jpg\"><img decoding=\"async\" data-src=\"https:\/\/www.sume.pb.gov.br\/wp-content\/uploads\/2020\/08\/IMG_2197-300x200.jpg\" alt=\"\" src=\"data:image\/svg+xml;base64,PHN2ZyB3aWR0aD0iMSIgaGVpZ2h0PSIxIiB4bWxucz0iaHR0cDovL3d3dy53My5vcmcvMjAwMC9zdmciPjwvc3ZnPg==\" class=\"lazyload\" style=\"--smush-placeholder-width: 300px; --smush-placeholder-aspect-ratio: 300\/200;\" \/><\/a><\/figure>\n\n\n\n<figure class=\"wp-block-image\"><a href=\"https:\/\/www.sume.pb.gov.br\/wp-content\/uploads\/2020\/08\/IMG_2202.jpg\"><img decoding=\"async\" data-src=\"https:\/\/www.sume.pb.gov.br\/wp-content\/uploads\/2020\/08\/IMG_2202-300x200.jpg\" alt=\"\" src=\"data:image\/svg+xml;base64,PHN2ZyB3aWR0aD0iMSIgaGVpZ2h0PSIxIiB4bWxucz0iaHR0cDovL3d3dy53My5vcmcvMjAwMC9zdmciPjwvc3ZnPg==\" class=\"lazyload\" style=\"--smush-placeholder-width: 300px; --smush-placeholder-aspect-ratio: 300\/200;\" \/><\/a><\/figure>\n\n\n\n<p>O Shopping foi pensado de acordo com as caracter\u00edsticas culturais e econ\u00f4micas da regi\u00e3o, e conta com o apoio de uma consultoria especializada do Sebrae.<\/p>\n\n\n\n<p>Para o diretor do Shopping, Williams Martinho, falar do Sum\u00e9 Shopping lhe traz entusiasmo por se tratar de um empreendimento novo e desafiador, que vai agregar valor tanto no com\u00e9rcio local como na regi\u00e3o.<\/p>\n\n\n\n<p>Williams ainda destacou a vis\u00e3o contempor\u00e2nea dos gestores, do ex-prefeito Neto e do atual prefeito \u00c9den, que conseguiram identificar a oportunidade de gerar emprego e renda em grande escala, por meio das mais de 50 lojas que o pr\u00e9dio abriga. \u201cA estimativa \u00e9 de que mais de 100 empregos sejam gerados no munic\u00edpio. Entregar o Shopping \u00e9 muito mais que uma estrutura f\u00edsica, trata-se de uma pol\u00edtica p\u00fablica que vai transformar a vida de muitas pessoas por meio da gera\u00e7\u00e3o de emprego e renda. Isso \u00e9 um valor social, que est\u00e1 sendo entregue a todos voc\u00eas hoje\u201d, declarou Williams.<\/p>\n\n\n\n<p>O gerente do BNB, Emanoel Moreira, destacou os investimentos que a Prefeitura tem feito em todas as \u00e1reas da administra\u00e7\u00e3o, al\u00e9m do aspecto hospitaleiro da popula\u00e7\u00e3o sumeense. \u201cAqui \u00e9 uma cidade onde as coisas funcionam\u201d, afirmou.<\/p>\n\n\n\n<figure class=\"wp-block-image\"><a href=\"https:\/\/www.sume.pb.gov.br\/wp-content\/uploads\/2020\/08\/IMG_2139.jpg\"><img decoding=\"async\" data-src=\"https:\/\/www.sume.pb.gov.br\/wp-content\/uploads\/2020\/08\/IMG_2139-300x200.jpg\" alt=\"\" src=\"data:image\/svg+xml;base64,PHN2ZyB3aWR0aD0iMSIgaGVpZ2h0PSIxIiB4bWxucz0iaHR0cDovL3d3dy53My5vcmcvMjAwMC9zdmciPjwvc3ZnPg==\" class=\"lazyload\" style=\"--smush-placeholder-width: 300px; --smush-placeholder-aspect-ratio: 300\/200;\" \/><\/a><\/figure>\n\n\n\n<figure class=\"wp-block-image\"><a href=\"https:\/\/www.sume.pb.gov.br\/wp-content\/uploads\/2020\/08\/IMG_2219.jpg\"><img decoding=\"async\" data-src=\"https:\/\/www.sume.pb.gov.br\/wp-content\/uploads\/2020\/08\/IMG_2219-300x200.jpg\" alt=\"\" src=\"data:image\/svg+xml;base64,PHN2ZyB3aWR0aD0iMSIgaGVpZ2h0PSIxIiB4bWxucz0iaHR0cDovL3d3dy53My5vcmcvMjAwMC9zdmciPjwvc3ZnPg==\" class=\"lazyload\" style=\"--smush-placeholder-width: 300px; --smush-placeholder-aspect-ratio: 300\/200;\" \/><\/a><\/figure>\n\n\n\n<figure class=\"wp-block-image\"><a href=\"https:\/\/www.sume.pb.gov.br\/wp-content\/uploads\/2020\/08\/IMG_2131.jpg\"><img decoding=\"async\" data-src=\"https:\/\/www.sume.pb.gov.br\/wp-content\/uploads\/2020\/08\/IMG_2131-300x200.jpg\" alt=\"\" src=\"data:image\/svg+xml;base64,PHN2ZyB3aWR0aD0iMSIgaGVpZ2h0PSIxIiB4bWxucz0iaHR0cDovL3d3dy53My5vcmcvMjAwMC9zdmciPjwvc3ZnPg==\" class=\"lazyload\" style=\"--smush-placeholder-width: 300px; --smush-placeholder-aspect-ratio: 300\/200;\" \/><\/a><\/figure>\n\n\n\n<p>Em seu discurso, o prefeito \u00c9den Duarte disse que muitas pessoas estariam participando da solenidade, mas em raz\u00e3o da pandemia do coronav\u00edrus, o evento teve que ser reduzido a um n\u00famero limitado de convidados. Ele saudou os lojistas e desejou sucesso a todos. \u201cTenho certeza de que os filhos de Sum\u00e9, que visam o bem comum, &nbsp;est\u00e3o em suas casas, em seus trabalhos torcendo por este empreendimento para que Sum\u00e9 continue sendo a cidade que mais cresce e se desenvolve na regi\u00e3o do Cariri\u201d, disse.<\/p>\n\n\n\n<p>\u00c9den tamb\u00e9m fez quest\u00e3o de lembrar do empenho do ex-prefeito Neto para a constru\u00e7\u00e3o da obra e declarou que a ideia, a luta e as dificuldades apresentadas no in\u00edcio foram enfrentadas pelo ex-prefeito.<\/p>\n\n\n\n<p>\u00c9den ainda destacou o trabalho do diretor do Shopping, Williams Martinho e de todos os servidores municipais que contribu\u00edram para o sucesso da conclus\u00e3o do empreendimento, bem como do papel do Sebrae com consultoria para o in\u00edcio dos trabalhos e capta\u00e7\u00e3o de lojistas. Ele ainda falou da parceria das ag\u00eancias banc\u00e1rias do munic\u00edpio, que desde o primeiro momento contribu\u00edram com orienta\u00e7\u00e3o, informa\u00e7\u00e3o e disponibiliza\u00e7\u00e3o de linhas de cr\u00e9dito de financiamento para os empreendedores que est\u00e3o se instalando no shopping.<\/p>\n\n\n\n<figure class=\"wp-block-image\"><a href=\"https:\/\/www.sume.pb.gov.br\/wp-content\/uploads\/2020\/08\/IMG_2213.jpg\"><img decoding=\"async\" data-src=\"https:\/\/www.sume.pb.gov.br\/wp-content\/uploads\/2020\/08\/IMG_2213-300x200.jpg\" alt=\"\" src=\"data:image\/svg+xml;base64,PHN2ZyB3aWR0aD0iMSIgaGVpZ2h0PSIxIiB4bWxucz0iaHR0cDovL3d3dy53My5vcmcvMjAwMC9zdmciPjwvc3ZnPg==\" class=\"lazyload\" style=\"--smush-placeholder-width: 300px; --smush-placeholder-aspect-ratio: 300\/200;\" \/><\/a><\/figure>\n\n\n\n<figure class=\"wp-block-image\"><a href=\"https:\/\/www.sume.pb.gov.br\/wp-content\/uploads\/2020\/08\/IMG_2229.jpg\"><img decoding=\"async\" data-src=\"https:\/\/www.sume.pb.gov.br\/wp-content\/uploads\/2020\/08\/IMG_2229-300x200.jpg\" alt=\"\" src=\"data:image\/svg+xml;base64,PHN2ZyB3aWR0aD0iMSIgaGVpZ2h0PSIxIiB4bWxucz0iaHR0cDovL3d3dy53My5vcmcvMjAwMC9zdmciPjwvc3ZnPg==\" class=\"lazyload\" style=\"--smush-placeholder-width: 300px; --smush-placeholder-aspect-ratio: 300\/200;\" \/><\/a><\/figure>\n\n\n\n<figure class=\"wp-block-image\"><a href=\"https:\/\/www.sume.pb.gov.br\/wp-content\/uploads\/2020\/08\/IMG_2238.jpg\"><img decoding=\"async\" data-src=\"https:\/\/www.sume.pb.gov.br\/wp-content\/uploads\/2020\/08\/IMG_2238-300x200.jpg\" alt=\"\" src=\"data:image\/svg+xml;base64,PHN2ZyB3aWR0aD0iMSIgaGVpZ2h0PSIxIiB4bWxucz0iaHR0cDovL3d3dy53My5vcmcvMjAwMC9zdmciPjwvc3ZnPg==\" class=\"lazyload\" style=\"--smush-placeholder-width: 300px; --smush-placeholder-aspect-ratio: 300\/200;\" \/><\/a><\/figure>\n\n\n\n<p>Ascom PMS<\/p>\n","protected":false},"excerpt":{"rendered":"<p>O prefeito \u00c9den entregou na manh\u00e3 dessa segunda-feira, 10, a obra do Centro de Comercializa\u00e7\u00e3o e Artesanato, o Sum\u00e9 Shopping. O evento contou com a&hellip; <\/p>\n","protected":false},"author":1,"featured_media":182952,"comment_status":"closed","ping_status":"closed","sticky":false,"template":"","format":"standard","meta":{"sfsi_plus_gutenberg_text_before_share":"","sfsi_plus_gutenberg_show_text_before_share":"","sfsi_plus_gutenberg_icon_type":"","sfsi_plus_gutenberg_icon_alignemt":"","sfsi_plus_gutenburg_max_per_row":"","footnotes":""},"categories":[6],"tags":[],"class_list":["post-182951","post","type-post","status-publish","format-standard","has-post-thumbnail","hentry","category-cidades"],"_links":{"self":[{"href":"https:\/\/www.caririemacao.com\/1\/wp-json\/wp\/v2\/posts\/182951","targetHints":{"allow":["GET"]}}],"collection":[{"href":"https:\/\/www.caririemacao.com\/1\/wp-json\/wp\/v2\/posts"}],"about":[{"href":"https:\/\/www.caririemacao.com\/1\/wp-json\/wp\/v2\/types\/post"}],"author":[{"embeddable":true,"href":"https:\/\/www.caririemacao.com\/1\/wp-json\/wp\/v2\/users\/1"}],"replies":[{"embeddable":true,"href":"https:\/\/www.caririemacao.com\/1\/wp-json\/wp\/v2\/comments?post=182951"}],"version-history":[{"count":1,"href":"https:\/\/www.caririemacao.com\/1\/wp-json\/wp\/v2\/posts\/182951\/revisions"}],"predecessor-version":[{"id":182953,"href":"https:\/\/www.caririemacao.com\/1\/wp-json\/wp\/v2\/posts\/182951\/revisions\/182953"}],"wp:featuredmedia":[{"embeddable":true,"href":"https:\/\/www.caririemacao.com\/1\/wp-json\/wp\/v2\/media\/182952"}],"wp:attachment":[{"href":"https:\/\/www.caririemacao.com\/1\/wp-json\/wp\/v2\/media?parent=182951"}],"wp:term":[{"taxonomy":"category","embeddable":true,"href":"https:\/\/www.caririemacao.com\/1\/wp-json\/wp\/v2\/categories?post=182951"},{"taxonomy":"post_tag","embeddable":true,"href":"https:\/\/www.caririemacao.com\/1\/wp-json\/wp\/v2\/tags?post=182951"}],"curies":[{"name":"wp","href":"https:\/\/api.w.org\/{rel}","templated":true}]}}