{"id":182954,"date":"2020-08-11T06:26:09","date_gmt":"2020-08-11T09:26:09","guid":{"rendered":"https:\/\/www.caririemacao.com\/1\/?p=182954"},"modified":"2020-08-11T06:26:09","modified_gmt":"2020-08-11T09:26:09","slug":"norte-avanca-na-reabertura-sul-toma-medidas-mais-rigidas","status":"publish","type":"post","link":"https:\/\/www.caririemacao.com\/1\/2020\/08\/11\/norte-avanca-na-reabertura-sul-toma-medidas-mais-rigidas\/","title":{"rendered":"Norte avan\u00e7a na reabertura; Sul toma medidas mais r\u00edgidas"},"content":{"rendered":"\n<h2 class=\"wp-block-heading\"><\/h2>\n\n\n\n<p>Quando a pandemia do novo coronav\u00edrus imp\u00f4s o isolamento social, para tentar conter o avan\u00e7o do n\u00famero de casos e mortes por covid-19, os governos dos 26 estados brasileiros e do Distrito Federal criaram planos que definem a retomada gradual das atividades econ\u00f4micas. Em boa parte dos estados, esses planos resultaram em reabertura, com regras, de diversos setores. A&nbsp;<strong>Ag\u00eancia Brasil<\/strong>&nbsp;vem acompanhando, quinzenalmente, a execu\u00e7\u00e3o desses planos. No final de junho, foi publicado o&nbsp;<a href=\"https:\/\/agenciabrasil.ebc.com.br\/saude\/noticia\/2020-07\/saiba-como-estao-os-planos-de-retomada-economica-em-cada-estado\" target=\"_blank\" rel=\"noreferrer noopener\">primeiro levantamento<\/a>, no in\u00edcio de julho, o&nbsp;<a href=\"https:\/\/agenciabrasil.ebc.com.br\/saude\/noticia\/2020-07\/saiba-como-estao-os-planos-de-retomada-economica-em-cada-estado\" target=\"_blank\" rel=\"noreferrer noopener\">segundo<\/a>&nbsp;e, na terceira semana de julho, o&nbsp;<a href=\"https:\/\/agenciabrasil.ebc.com.br\/saude\/noticia\/2020-07\/maioria-dos-estados-avanca-nos-planos-de-retomada-economica\" target=\"_blank\" rel=\"noreferrer noopener\">terceiro<\/a>&nbsp;.<img decoding=\"async\" data-src=\"https:\/\/agenciabrasil.ebc.com.br\/ebc.png?id=1313254&amp;o=node\" src=\"data:image\/svg+xml;base64,PHN2ZyB3aWR0aD0iMSIgaGVpZ2h0PSIxIiB4bWxucz0iaHR0cDovL3d3dy53My5vcmcvMjAwMC9zdmciPjwvc3ZnPg==\" class=\"lazyload\"><img decoding=\"async\" data-src=\"https:\/\/agenciabrasil.ebc.com.br\/ebc.gif?id=1313254&amp;o=node\" src=\"data:image\/svg+xml;base64,PHN2ZyB3aWR0aD0iMSIgaGVpZ2h0PSIxIiB4bWxucz0iaHR0cDovL3d3dy53My5vcmcvMjAwMC9zdmciPjwvc3ZnPg==\" class=\"lazyload\"><\/p>\n\n\n\n<p>O Norte e o Nordeste, em geral, aumentaram a abertura de suas economias, enquanto o Sul tomou medidas mais r\u00edgidas para conter a pandemia.<\/p>\n\n\n\n<p>Em alguns estados, como Acre e Rond\u00f4nia, os governos locais reclassificaram munic\u00edpios de acordo com planos de retomada, com expans\u00e3o do funcionamento de mais setores, como no Amap\u00e1. Em outros casos, a retomada incluiu a abertura de novas atividades. O Amazonas, primeiro estado a sofrer com a pandemia, j\u00e1 marcou o cronograma de volta \u00e0s aulas presenciais.&nbsp;<\/p>\n\n\n\n<p>O Piau\u00ed e o Rio Grande do Norte est\u00e3o com processo de retomada de diversos setores econ\u00f4micos.<\/p>\n\n\n\n<p>J\u00e1 o governo ga\u00facho vai aumentar a testagem no estado. O programa Testar RS est\u00e1 ampliando o n\u00famero de testes di\u00e1rios de RT-PCR que vai saltar de mil para 8 mil testes di\u00e1rios. Em Santa Catarina, 209 munic\u00edpios est\u00e3o com o transporte coletivo interrompido.<\/p>\n","protected":false},"excerpt":{"rendered":"<p>Quando a pandemia do novo coronav\u00edrus imp\u00f4s o isolamento social, para tentar conter o avan\u00e7o do n\u00famero de casos e mortes por covid-19, os governos&hellip; <\/p>\n","protected":false},"author":2,"featured_media":182955,"comment_status":"closed","ping_status":"closed","sticky":false,"template":"","format":"standard","meta":{"sfsi_plus_gutenberg_text_before_share":"","sfsi_plus_gutenberg_show_text_before_share":"","sfsi_plus_gutenberg_icon_type":"","sfsi_plus_gutenberg_icon_alignemt":"","sfsi_plus_gutenburg_max_per_row":"","footnotes":""},"categories":[50,2],"tags":[],"class_list":["post-182954","post","type-post","status-publish","format-standard","has-post-thumbnail","hentry","category-destaque","category-geral"],"_links":{"self":[{"href":"https:\/\/www.caririemacao.com\/1\/wp-json\/wp\/v2\/posts\/182954","targetHints":{"allow":["GET"]}}],"collection":[{"href":"https:\/\/www.caririemacao.com\/1\/wp-json\/wp\/v2\/posts"}],"about":[{"href":"https:\/\/www.caririemacao.com\/1\/wp-json\/wp\/v2\/types\/post"}],"author":[{"embeddable":true,"href":"https:\/\/www.caririemacao.com\/1\/wp-json\/wp\/v2\/users\/2"}],"replies":[{"embeddable":true,"href":"https:\/\/www.caririemacao.com\/1\/wp-json\/wp\/v2\/comments?post=182954"}],"version-history":[{"count":1,"href":"https:\/\/www.caririemacao.com\/1\/wp-json\/wp\/v2\/posts\/182954\/revisions"}],"predecessor-version":[{"id":182956,"href":"https:\/\/www.caririemacao.com\/1\/wp-json\/wp\/v2\/posts\/182954\/revisions\/182956"}],"wp:featuredmedia":[{"embeddable":true,"href":"https:\/\/www.caririemacao.com\/1\/wp-json\/wp\/v2\/media\/182955"}],"wp:attachment":[{"href":"https:\/\/www.caririemacao.com\/1\/wp-json\/wp\/v2\/media?parent=182954"}],"wp:term":[{"taxonomy":"category","embeddable":true,"href":"https:\/\/www.caririemacao.com\/1\/wp-json\/wp\/v2\/categories?post=182954"},{"taxonomy":"post_tag","embeddable":true,"href":"https:\/\/www.caririemacao.com\/1\/wp-json\/wp\/v2\/tags?post=182954"}],"curies":[{"name":"wp","href":"https:\/\/api.w.org\/{rel}","templated":true}]}}