{"id":182965,"date":"2020-08-11T06:38:27","date_gmt":"2020-08-11T09:38:27","guid":{"rendered":"https:\/\/www.caririemacao.com\/1\/?p=182965"},"modified":"2020-08-11T06:38:27","modified_gmt":"2020-08-11T09:38:27","slug":"geraldo-medeiros-afirma-que-a-paraiba-esta-preparada-caso-aconteca-uma-segunda-onda-de-coronavirus","status":"publish","type":"post","link":"https:\/\/www.caririemacao.com\/1\/2020\/08\/11\/geraldo-medeiros-afirma-que-a-paraiba-esta-preparada-caso-aconteca-uma-segunda-onda-de-coronavirus\/","title":{"rendered":"Geraldo Medeiros afirma que a Para\u00edba est\u00e1 preparada caso aconte\u00e7a uma segunda onda de Coronav\u00edrus"},"content":{"rendered":"\n<h1 class=\"wp-block-heading\"><\/h1>\n\n\n\n<p>O secret\u00e1rio de sa\u00fade da Para\u00edba, Geraldo Medeiros, afirmou nesta segunda-feira (10), que o Estado est\u00e1 preparado caso aconte\u00e7a uma segunda onde Coronav\u00edrus. Geraldo disse que a Para\u00edba foi um dos poucos estados que n\u00e3o houve colapso da rede p\u00fablica hospitalar.<\/p>\n\n\n\n<p>&#8220;Temos uma posi\u00e7\u00e3o confort\u00e1vel de ocupa\u00e7\u00e3o dos leitos de UTI e de enfermaria, de 49%, 46%. Consequentemente estamos preparados para uma eventualidade de um aumento s\u00fabito de n\u00famero de casos&#8221;, afirmou o secret\u00e1rio.<\/p>\n\n\n\n<p>Geraldo Medeiros tamb\u00e9m revelou a preocupa\u00e7\u00e3o no segmento das escolas que ainda n\u00e3o foi aberto. Ele disse que esse segmento \u00e9 o que preocupa pois tem contato, toque e aproxima\u00e7\u00e3o de aproximamente&nbsp;600 mil pessoas.&nbsp;<\/p>\n\n\n\n<p>Ainda segundo o secret\u00e1rio, n\u00e3o h\u00e1 previs\u00e3o de retorno \u00e0s aulas presenciais, segundo o Novo Normal.&nbsp;<\/p>\n","protected":false},"excerpt":{"rendered":"<p>O secret\u00e1rio de sa\u00fade da Para\u00edba, Geraldo Medeiros, afirmou nesta segunda-feira (10), que o Estado est\u00e1 preparado caso aconte\u00e7a uma segunda onde Coronav\u00edrus. Geraldo disse&hellip; <\/p>\n","protected":false},"author":2,"featured_media":182966,"comment_status":"closed","ping_status":"closed","sticky":false,"template":"","format":"standard","meta":{"sfsi_plus_gutenberg_text_before_share":"","sfsi_plus_gutenberg_show_text_before_share":"","sfsi_plus_gutenberg_icon_type":"","sfsi_plus_gutenberg_icon_alignemt":"","sfsi_plus_gutenburg_max_per_row":"","footnotes":""},"categories":[2],"tags":[],"class_list":["post-182965","post","type-post","status-publish","format-standard","has-post-thumbnail","hentry","category-geral"],"_links":{"self":[{"href":"https:\/\/www.caririemacao.com\/1\/wp-json\/wp\/v2\/posts\/182965","targetHints":{"allow":["GET"]}}],"collection":[{"href":"https:\/\/www.caririemacao.com\/1\/wp-json\/wp\/v2\/posts"}],"about":[{"href":"https:\/\/www.caririemacao.com\/1\/wp-json\/wp\/v2\/types\/post"}],"author":[{"embeddable":true,"href":"https:\/\/www.caririemacao.com\/1\/wp-json\/wp\/v2\/users\/2"}],"replies":[{"embeddable":true,"href":"https:\/\/www.caririemacao.com\/1\/wp-json\/wp\/v2\/comments?post=182965"}],"version-history":[{"count":1,"href":"https:\/\/www.caririemacao.com\/1\/wp-json\/wp\/v2\/posts\/182965\/revisions"}],"predecessor-version":[{"id":182967,"href":"https:\/\/www.caririemacao.com\/1\/wp-json\/wp\/v2\/posts\/182965\/revisions\/182967"}],"wp:featuredmedia":[{"embeddable":true,"href":"https:\/\/www.caririemacao.com\/1\/wp-json\/wp\/v2\/media\/182966"}],"wp:attachment":[{"href":"https:\/\/www.caririemacao.com\/1\/wp-json\/wp\/v2\/media?parent=182965"}],"wp:term":[{"taxonomy":"category","embeddable":true,"href":"https:\/\/www.caririemacao.com\/1\/wp-json\/wp\/v2\/categories?post=182965"},{"taxonomy":"post_tag","embeddable":true,"href":"https:\/\/www.caririemacao.com\/1\/wp-json\/wp\/v2\/tags?post=182965"}],"curies":[{"name":"wp","href":"https:\/\/api.w.org\/{rel}","templated":true}]}}