{"id":182969,"date":"2020-08-11T07:33:53","date_gmt":"2020-08-11T10:33:53","guid":{"rendered":"https:\/\/www.caririemacao.com\/1\/?p=182969"},"modified":"2020-08-11T07:33:53","modified_gmt":"2020-08-11T10:33:53","slug":"nao-ha-motivo-para-alivio-nos-numeros-brasileiros-de-coronavirus-diz-oms","status":"publish","type":"post","link":"https:\/\/www.caririemacao.com\/1\/2020\/08\/11\/nao-ha-motivo-para-alivio-nos-numeros-brasileiros-de-coronavirus-diz-oms\/","title":{"rendered":"N\u00e3o h\u00e1 motivo para al\u00edvio nos n\u00fameros brasileiros de coronav\u00edrus, diz OMS"},"content":{"rendered":"\n<h1 class=\"wp-block-heading\"><\/h1>\n\n\n\n<p>De acordo com os dados da OMS, os novos casos di\u00e1rios est\u00e3o num plat\u00f4 muito alto, entre 50 mil e 60 mil por dia, e a taxa de transmiss\u00e3o se elevou. Antes estimada em de 0,5 a 1,5 de acordo com a regi\u00e3o, agora varia de 1,1 a 1,5, segundo a organiza\u00e7\u00e3o.<\/p>\n\n\n\n<p>Uma taxa de transmiss\u00e3o acima de 1 indica que o cont\u00e1gio est\u00e1 se acelerando no pa\u00eds (o indicador estima para quantas pessoas em m\u00e9dia cada infectado transmite o coronav\u00edrus).<\/p>\n\n\n\n<p>&#8220;Todos os sinais s\u00e3o de transmiss\u00e3o comunit\u00e1ria sustentada e press\u00e3o constante sobre os sistemas de sa\u00fade&#8221;, afirmou o diretor-executivo da OMS, Michael Ryan. O pa\u00eds tem contabilizadas 101.049 mortes at\u00e9 esta segunda, com mais de 3 milh\u00f5es de casos.<\/p>\n\n\n\n<p>De acordo com Ryan, a porcentagem de testes que d\u00e3o positivo \u00e9 de 20%, o que indica que o n\u00edvel de testagem brasileiro est\u00e1 abaixo do ideal e o n\u00famero total de casos, subnotificado. Em entrevistas anteriores, ele afirmou que essa porcentagem fica pr\u00f3xima de 5% nos pa\u00edses com programas intensivos de testagem, e que n\u00fameros muito elevados como o do Brasil indicam que h\u00e1 mais casos n\u00e3o detectados.<\/p>\n\n\n\n<p>Ryan afirmou tamb\u00e9m que &#8220;todo pa\u00eds \u00e9 soberano para decidir como tratar a epidemia&#8221;, mas n\u00e3o faz o menor sentido defender o uso de cloroquina ou hidroxicloroquina para Covid-19, como tem feito o presidente Jair Bolsonaro: &#8220;Experimentos com todos os cuidados cient\u00edficos j\u00e1 provaram que a droga \u00e9 ineficaz&#8221;.<\/p>\n\n\n\n<p>A OMS afirmou ainda que o sistema de sa\u00fade p\u00fablica brasileira tem dado provas de resist\u00eancia imensa, pois completa meses com alta porcentagem de ocupa\u00e7\u00e3o e UTIs chegando a 80% ou 90% da capacidade em alguns estados.<\/p>\n\n\n\n<p>A OMS afirmou que j\u00e1 est\u00e1 claro, depois de quase nove meses de epidemia, que o novo coronav\u00edrus (Sars-Cov-2) \u00e9 extremamente agressivo.<\/p>\n\n\n\n<p>&#8220;Sempre que se retira a press\u00e3o, ele volta&#8221;, afirmou Ryan, para quem a \u00fanica forma de combater a doen\u00e7a enquanto n\u00e3o houver vacina \u00e9, de um lado, testando todos os suspeitos, rastreando contatos e os isolando e, de outro, mantendo distanciamento f\u00edsico, uso de m\u00e1scaras e higiene das m\u00e3os e ao espirrar ou tossir.<\/p>\n\n\n\n<p>&#8220;O Brasil pode ter mais dificuldades para seguir essas orienta\u00e7\u00f5es porque h\u00e1 muita gente vivendo em lugares apinhados, em pobreza. Essas comunidades precisam de apoio. N\u00e3o bastam palavras. \u00c9 preciso dar recursos e informa\u00e7\u00e3o, para que elas possam reagir&#8221;, afirmou Ryan.<\/p>\n\n\n\n<p>Em resposta logo a seguir, sobre qual \u00e9 a estrat\u00e9gia do v\u00edrus se o considerarmos um &#8220;inimigo a combater&#8221;, o diretor da OMS afirmou: &#8220;O v\u00edrus n\u00e3o raciocina, ele s\u00f3 quer se reproduzir. Pode ser brutal em sua simplicidade e em sua crueldade, mas n\u00f3s, humanos, \u00e9 que temos c\u00e9rebro. Temos que ser capazes de vencer um organismo que n\u00e3o tem c\u00e9rebro&#8221;.<\/p>\n","protected":false},"excerpt":{"rendered":"<p>De acordo com os dados da OMS, os novos casos di\u00e1rios est\u00e3o num plat\u00f4 muito alto, entre 50 mil e 60 mil por dia, e&hellip; <\/p>\n","protected":false},"author":2,"featured_media":182970,"comment_status":"closed","ping_status":"closed","sticky":false,"template":"","format":"standard","meta":{"sfsi_plus_gutenberg_text_before_share":"","sfsi_plus_gutenberg_show_text_before_share":"","sfsi_plus_gutenberg_icon_type":"","sfsi_plus_gutenberg_icon_alignemt":"","sfsi_plus_gutenburg_max_per_row":"","footnotes":""},"categories":[50,2],"tags":[],"class_list":["post-182969","post","type-post","status-publish","format-standard","has-post-thumbnail","hentry","category-destaque","category-geral"],"_links":{"self":[{"href":"https:\/\/www.caririemacao.com\/1\/wp-json\/wp\/v2\/posts\/182969","targetHints":{"allow":["GET"]}}],"collection":[{"href":"https:\/\/www.caririemacao.com\/1\/wp-json\/wp\/v2\/posts"}],"about":[{"href":"https:\/\/www.caririemacao.com\/1\/wp-json\/wp\/v2\/types\/post"}],"author":[{"embeddable":true,"href":"https:\/\/www.caririemacao.com\/1\/wp-json\/wp\/v2\/users\/2"}],"replies":[{"embeddable":true,"href":"https:\/\/www.caririemacao.com\/1\/wp-json\/wp\/v2\/comments?post=182969"}],"version-history":[{"count":1,"href":"https:\/\/www.caririemacao.com\/1\/wp-json\/wp\/v2\/posts\/182969\/revisions"}],"predecessor-version":[{"id":182971,"href":"https:\/\/www.caririemacao.com\/1\/wp-json\/wp\/v2\/posts\/182969\/revisions\/182971"}],"wp:featuredmedia":[{"embeddable":true,"href":"https:\/\/www.caririemacao.com\/1\/wp-json\/wp\/v2\/media\/182970"}],"wp:attachment":[{"href":"https:\/\/www.caririemacao.com\/1\/wp-json\/wp\/v2\/media?parent=182969"}],"wp:term":[{"taxonomy":"category","embeddable":true,"href":"https:\/\/www.caririemacao.com\/1\/wp-json\/wp\/v2\/categories?post=182969"},{"taxonomy":"post_tag","embeddable":true,"href":"https:\/\/www.caririemacao.com\/1\/wp-json\/wp\/v2\/tags?post=182969"}],"curies":[{"name":"wp","href":"https:\/\/api.w.org\/{rel}","templated":true}]}}