{"id":182973,"date":"2020-08-11T07:38:14","date_gmt":"2020-08-11T10:38:14","guid":{"rendered":"https:\/\/www.caririemacao.com\/1\/?p=182973"},"modified":"2020-08-11T07:38:14","modified_gmt":"2020-08-11T10:38:14","slug":"governo-federal-altera-regras-no-programa-minha-casa-minha-vida","status":"publish","type":"post","link":"https:\/\/www.caririemacao.com\/1\/2020\/08\/11\/governo-federal-altera-regras-no-programa-minha-casa-minha-vida\/","title":{"rendered":"Governo federal altera regras no programa Minha Casa, Minha Vida"},"content":{"rendered":"\n<h1 class=\"wp-block-heading\"><\/h1>\n\n\n\n<p>O Governo Federal anunciou mudan\u00e7as no programa de habita\u00e7\u00e3o Minha Casa, Minha Vida. As novas regras s\u00e3o v\u00e1lidas aos benefici\u00e1rios da faixa 1 do programa, que contempla fam\u00edlias com renda mensal de at\u00e9 R$ 1,8 mil. A altera\u00e7\u00e3o nas normas \u00e9 v\u00e1lida para duas mil unidades habitacionais j\u00e1 contratadas, mas que ainda n\u00e3o foram entregues.<\/p>\n\n\n\n<p>Segundo a portaria publicada no Di\u00e1rio Oficial da Uni\u00e3o (DOU),&nbsp;que estabeleceu as novas regras, para integrar essa faixa do programa, os interessados devem atender a pelo menos um de seis requisitos listados, como por exemplo: viver em domic\u00edlio em que n\u00e3o h\u00e1 parede de alvenaria ou de madeira aparelhada, possuir mais de 30% da renda comprometida com o pagamento de aluguel, encontrar-se em situa\u00e7\u00e3o de rua, entre outras regras.<\/p>\n","protected":false},"excerpt":{"rendered":"<p>O Governo Federal anunciou mudan\u00e7as no programa de habita\u00e7\u00e3o Minha Casa, Minha Vida. As novas regras s\u00e3o v\u00e1lidas aos benefici\u00e1rios da faixa 1 do programa,&hellip; <\/p>\n","protected":false},"author":2,"featured_media":182974,"comment_status":"closed","ping_status":"closed","sticky":false,"template":"","format":"standard","meta":{"sfsi_plus_gutenberg_text_before_share":"","sfsi_plus_gutenberg_show_text_before_share":"","sfsi_plus_gutenberg_icon_type":"","sfsi_plus_gutenberg_icon_alignemt":"","sfsi_plus_gutenburg_max_per_row":"","footnotes":""},"categories":[11],"tags":[],"class_list":["post-182973","post","type-post","status-publish","format-standard","has-post-thumbnail","hentry","category-politica"],"_links":{"self":[{"href":"https:\/\/www.caririemacao.com\/1\/wp-json\/wp\/v2\/posts\/182973","targetHints":{"allow":["GET"]}}],"collection":[{"href":"https:\/\/www.caririemacao.com\/1\/wp-json\/wp\/v2\/posts"}],"about":[{"href":"https:\/\/www.caririemacao.com\/1\/wp-json\/wp\/v2\/types\/post"}],"author":[{"embeddable":true,"href":"https:\/\/www.caririemacao.com\/1\/wp-json\/wp\/v2\/users\/2"}],"replies":[{"embeddable":true,"href":"https:\/\/www.caririemacao.com\/1\/wp-json\/wp\/v2\/comments?post=182973"}],"version-history":[{"count":1,"href":"https:\/\/www.caririemacao.com\/1\/wp-json\/wp\/v2\/posts\/182973\/revisions"}],"predecessor-version":[{"id":182975,"href":"https:\/\/www.caririemacao.com\/1\/wp-json\/wp\/v2\/posts\/182973\/revisions\/182975"}],"wp:featuredmedia":[{"embeddable":true,"href":"https:\/\/www.caririemacao.com\/1\/wp-json\/wp\/v2\/media\/182974"}],"wp:attachment":[{"href":"https:\/\/www.caririemacao.com\/1\/wp-json\/wp\/v2\/media?parent=182973"}],"wp:term":[{"taxonomy":"category","embeddable":true,"href":"https:\/\/www.caririemacao.com\/1\/wp-json\/wp\/v2\/categories?post=182973"},{"taxonomy":"post_tag","embeddable":true,"href":"https:\/\/www.caririemacao.com\/1\/wp-json\/wp\/v2\/tags?post=182973"}],"curies":[{"name":"wp","href":"https:\/\/api.w.org\/{rel}","templated":true}]}}