{"id":182981,"date":"2020-08-11T08:00:54","date_gmt":"2020-08-11T11:00:54","guid":{"rendered":"https:\/\/www.caririemacao.com\/1\/?p=182981"},"modified":"2020-08-11T08:00:54","modified_gmt":"2020-08-11T11:00:54","slug":"romaria-da-penha-2020-e-adiada-devido-a-pandemia-de-covid-19","status":"publish","type":"post","link":"https:\/\/www.caririemacao.com\/1\/2020\/08\/11\/romaria-da-penha-2020-e-adiada-devido-a-pandemia-de-covid-19\/","title":{"rendered":"Romaria da Penha 2020 \u00e9 adiada devido a pandemia de covid-19"},"content":{"rendered":"\n<h1 class=\"wp-block-heading\"><\/h1>\n\n\n\n<p>A Romaria da Penha 2020 foi adiada devido a pandemia de covid-19. Originalmente, o evento ocorre no quarto domingo de novembro. Este ano, a celebra\u00e7\u00e3o ocorrer\u00e1 em 12 de dezembro. As informa\u00e7\u00f5es s\u00e3o do setor de comunica\u00e7\u00e3o da Arquidiocese da Para\u00edba.<\/p>\n\n\n\n<p>A mudan\u00e7a no calend\u00e1rio se deve ao segundo turno das elei\u00e7\u00f5es municipais, que foram adiadas devido a pandemia. Assim, a Romaria foi modificada para o m\u00eas de dezembro para n\u00e3o coincidir com a mesma data das elei\u00e7\u00f5es.<\/p>\n\n\n\n<p>Al\u00e9m da mudan\u00e7a da data, este ano a Romaria ser\u00e1 realizada como carreata.<\/p>\n\n\n\n<p>Nesta segunda-feira (10), o tema, hor\u00e1rio e percurso da Romaria ser\u00e3o definidos, em reuni\u00e3o.<\/p>\n\n\n\n<p>O Monsenhor Nereudo Freire Henriques, Reitor do Santu\u00e1rio da Penha, fala do momento em que estamos vivendo e da import\u00e2ncia de manter viva a f\u00e9 do povo paraibano em Nossa Senhora da Penha.<\/p>\n\n\n\n<p>\u201cEvidentemente vamos nos reunir para definir toda a formata\u00e7\u00e3o do evento, porque precisamos da anu\u00eancia das autoridades sanit\u00e1rias, da Prefeitura e Governo do Estado. Estamos em uma pandemia e nossa preocupa\u00e7\u00e3o maior \u00e9 preservar vidas, mas entendemos tamb\u00e9m que a Romaria da Penha movimenta n\u00e3o s\u00f3 a Arquidiocese da Para\u00edba, mas todo o Estado e queremos celebrar a festa e a devo\u00e7\u00e3o a Nossa Senhora da Penha. Tamb\u00e9m estamos cientes que precisamos esperar como a curva de contamina\u00e7\u00e3o ir\u00e1 se comportar nos pr\u00f3ximos meses, e assim, em reuni\u00f5es futuras, decidirmos a programa\u00e7\u00e3o como um todo\u201d, afirma&nbsp; o reitor.<\/p>\n","protected":false},"excerpt":{"rendered":"<p>A Romaria da Penha 2020 foi adiada devido a pandemia de covid-19. Originalmente, o evento ocorre no quarto domingo de novembro. Este ano, a celebra\u00e7\u00e3o&hellip; <\/p>\n","protected":false},"author":2,"featured_media":182982,"comment_status":"closed","ping_status":"closed","sticky":false,"template":"","format":"standard","meta":{"sfsi_plus_gutenberg_text_before_share":"","sfsi_plus_gutenberg_show_text_before_share":"","sfsi_plus_gutenberg_icon_type":"","sfsi_plus_gutenberg_icon_alignemt":"","sfsi_plus_gutenburg_max_per_row":"","footnotes":""},"categories":[2],"tags":[],"class_list":["post-182981","post","type-post","status-publish","format-standard","has-post-thumbnail","hentry","category-geral"],"_links":{"self":[{"href":"https:\/\/www.caririemacao.com\/1\/wp-json\/wp\/v2\/posts\/182981","targetHints":{"allow":["GET"]}}],"collection":[{"href":"https:\/\/www.caririemacao.com\/1\/wp-json\/wp\/v2\/posts"}],"about":[{"href":"https:\/\/www.caririemacao.com\/1\/wp-json\/wp\/v2\/types\/post"}],"author":[{"embeddable":true,"href":"https:\/\/www.caririemacao.com\/1\/wp-json\/wp\/v2\/users\/2"}],"replies":[{"embeddable":true,"href":"https:\/\/www.caririemacao.com\/1\/wp-json\/wp\/v2\/comments?post=182981"}],"version-history":[{"count":1,"href":"https:\/\/www.caririemacao.com\/1\/wp-json\/wp\/v2\/posts\/182981\/revisions"}],"predecessor-version":[{"id":182983,"href":"https:\/\/www.caririemacao.com\/1\/wp-json\/wp\/v2\/posts\/182981\/revisions\/182983"}],"wp:featuredmedia":[{"embeddable":true,"href":"https:\/\/www.caririemacao.com\/1\/wp-json\/wp\/v2\/media\/182982"}],"wp:attachment":[{"href":"https:\/\/www.caririemacao.com\/1\/wp-json\/wp\/v2\/media?parent=182981"}],"wp:term":[{"taxonomy":"category","embeddable":true,"href":"https:\/\/www.caririemacao.com\/1\/wp-json\/wp\/v2\/categories?post=182981"},{"taxonomy":"post_tag","embeddable":true,"href":"https:\/\/www.caririemacao.com\/1\/wp-json\/wp\/v2\/tags?post=182981"}],"curies":[{"name":"wp","href":"https:\/\/api.w.org\/{rel}","templated":true}]}}