{"id":182985,"date":"2020-08-11T08:06:31","date_gmt":"2020-08-11T11:06:31","guid":{"rendered":"https:\/\/www.caririemacao.com\/1\/?p=182985"},"modified":"2020-08-11T08:06:31","modified_gmt":"2020-08-11T11:06:31","slug":"ainda-nao-e-hora-de-voltar-as-aulas-presenciais-afirma-joao-azevedo","status":"publish","type":"post","link":"https:\/\/www.caririemacao.com\/1\/2020\/08\/11\/ainda-nao-e-hora-de-voltar-as-aulas-presenciais-afirma-joao-azevedo\/","title":{"rendered":"&#8220;Ainda n\u00e3o \u00e9 hora de voltar as aulas presenciais&#8221;, afirma Jo\u00e3o Azev\u00eado"},"content":{"rendered":"\n<h1 class=\"wp-block-heading\"><\/h1>\n\n\n\n<p>O governador Jo\u00e3o Azev\u00eado (Cidadania) informou que &#8220;ainda n\u00e3o \u00e9 hora de voltar as aulas presenciais&#8221; na Para\u00edba. Segundo o gestor, 160 mil paraibanos sofrem com algum tipo de doen\u00e7a cr\u00f4nica, est\u00e3o acima dos 60 anos de idade ou convivem com estudantes em idade escolar (03 a 17 anos). A informa\u00e7\u00e3o foi dada durante o programa Fala Governador, nesta segunda-feira (10). A Para\u00edba tem mais de 575&nbsp;mil estudantes matriculados se contar do ensino infantil ao ensino m\u00e9dio, nas redes estaduais e municipais.<\/p>\n\n\n\n<p>Ainda de acordo com o governador, os &#8220;dados apresentados, por si s\u00f3&nbsp;falam muito. Temos mais de 160 mil pessoas que t\u00eam algum tipo de problema de&nbsp;sa\u00fade, ou est\u00e3o acima de 60 anos ou convivem com crian\u00e7as e adolescentes&#8221;, comentou, acrescentando ainda que &#8220;retornar agora aulas presenciais far\u00edamos com que toda essa faixa, todo o alunado, ficasse exposto ao ao contato com o v\u00edrus, levando para&nbsp;casa. E essas pessoas mais fr\u00e1geis \u00e0&nbsp;covid-19 poderiam ser contaminadas&#8221;, frisou.&nbsp;<\/p>\n","protected":false},"excerpt":{"rendered":"<p>O governador Jo\u00e3o Azev\u00eado (Cidadania) informou que &#8220;ainda n\u00e3o \u00e9 hora de voltar as aulas presenciais&#8221; na Para\u00edba. Segundo o gestor, 160 mil paraibanos sofrem&hellip; <\/p>\n","protected":false},"author":2,"featured_media":182986,"comment_status":"closed","ping_status":"closed","sticky":false,"template":"","format":"standard","meta":{"sfsi_plus_gutenberg_text_before_share":"","sfsi_plus_gutenberg_show_text_before_share":"","sfsi_plus_gutenberg_icon_type":"","sfsi_plus_gutenberg_icon_alignemt":"","sfsi_plus_gutenburg_max_per_row":"","footnotes":""},"categories":[2],"tags":[],"class_list":["post-182985","post","type-post","status-publish","format-standard","has-post-thumbnail","hentry","category-geral"],"_links":{"self":[{"href":"https:\/\/www.caririemacao.com\/1\/wp-json\/wp\/v2\/posts\/182985","targetHints":{"allow":["GET"]}}],"collection":[{"href":"https:\/\/www.caririemacao.com\/1\/wp-json\/wp\/v2\/posts"}],"about":[{"href":"https:\/\/www.caririemacao.com\/1\/wp-json\/wp\/v2\/types\/post"}],"author":[{"embeddable":true,"href":"https:\/\/www.caririemacao.com\/1\/wp-json\/wp\/v2\/users\/2"}],"replies":[{"embeddable":true,"href":"https:\/\/www.caririemacao.com\/1\/wp-json\/wp\/v2\/comments?post=182985"}],"version-history":[{"count":1,"href":"https:\/\/www.caririemacao.com\/1\/wp-json\/wp\/v2\/posts\/182985\/revisions"}],"predecessor-version":[{"id":182987,"href":"https:\/\/www.caririemacao.com\/1\/wp-json\/wp\/v2\/posts\/182985\/revisions\/182987"}],"wp:featuredmedia":[{"embeddable":true,"href":"https:\/\/www.caririemacao.com\/1\/wp-json\/wp\/v2\/media\/182986"}],"wp:attachment":[{"href":"https:\/\/www.caririemacao.com\/1\/wp-json\/wp\/v2\/media?parent=182985"}],"wp:term":[{"taxonomy":"category","embeddable":true,"href":"https:\/\/www.caririemacao.com\/1\/wp-json\/wp\/v2\/categories?post=182985"},{"taxonomy":"post_tag","embeddable":true,"href":"https:\/\/www.caririemacao.com\/1\/wp-json\/wp\/v2\/tags?post=182985"}],"curies":[{"name":"wp","href":"https:\/\/api.w.org\/{rel}","templated":true}]}}