{"id":182989,"date":"2020-08-11T08:09:55","date_gmt":"2020-08-11T11:09:55","guid":{"rendered":"https:\/\/www.caririemacao.com\/1\/?p=182989"},"modified":"2020-08-11T08:09:55","modified_gmt":"2020-08-11T11:09:55","slug":"brasil-tem-721-novas-mortes-por-covid-19-em-24-horas","status":"publish","type":"post","link":"https:\/\/www.caririemacao.com\/1\/2020\/08\/11\/brasil-tem-721-novas-mortes-por-covid-19-em-24-horas\/","title":{"rendered":"Brasil tem 721 novas mortes por Covid-19 em 24 horas"},"content":{"rendered":"\n<h1 class=\"wp-block-heading\"><\/h1>\n\n\n\n<p>Os dados s\u00e3o fruto de colabora\u00e7\u00e3o in\u00e9dita entre Folha de S.Paulo, UOL, O Estado de S. Paulo, Extra, O Globo e G1 para reunir e divulgar os n\u00fameros relativos \u00e0 pandemia do novo coronav\u00edrus. As informa\u00e7\u00f5es s\u00e3o coletadas diretamente com as Secretarias de Sa\u00fade estaduais. O balan\u00e7o \u00e9 fechado diariamente \u00e0s 20h.<\/p>\n\n\n\n<p>Al\u00e9m dos dados di\u00e1rios do cons\u00f3rcio, a Folha tamb\u00e9m mostra a chamada m\u00e9dia m\u00f3vel. O recurso estat\u00edstico busca dar uma vis\u00e3o melhor da evolu\u00e7\u00e3o da doen\u00e7a, pois atenua n\u00fameros isolados que fujam do padr\u00e3o. A m\u00e9dia m\u00f3vel \u00e9 calculada somando o resultado dos \u00faltimos sete dias, dividindo por sete.<\/p>\n\n\n\n<p>De acordo com os dados coletados at\u00e9 as 20h, a m\u00e9dia de mortes nos \u00faltimos sete dias \u00e9 de 1.022, o que mant\u00e9m uma posi\u00e7\u00e3o de estabilidade nos dados, embora com n\u00fameros elevados.<\/p>\n\n\n\n<p>O Brasil tem uma taxa de cerca de 48 mortos por 100 mil habitantes. Os Estados Unidos, que t\u00eam o maior n\u00famero absoluto de mortos, e o Reino Unido, ambos \u00e0 frente do Brasil na pandemia (ou seja, come\u00e7aram a sofrer com o problema antes), t\u00eam 49.7 e 70,2 mortos para cada 100 mil habitantes, respectivamente.<\/p>\n\n\n\n<p>O M\u00e9xico, que ultrapassou o Reino Unido em n\u00famero de mortos, tem 40,7 mortes para cada 100 mil habitantes.<\/p>\n\n\n\n<p>Na Argentina, onde a pandemia desembarcou nove dias mais tarde que no Brasil e que seguiu uma quarentena muito mais r\u00edgida, o \u00edndice \u00e9 de 10 mortes por 100 mil habitantes.<\/p>\n\n\n\n<p>Segundo dados do Minist\u00e9rio da Sa\u00fade divulgados nesta segunda-feira (10), o Brasil registrou 22.048 casos de contamina\u00e7\u00e3o pelo novo coronav\u00edrus e 703 mortes em decorr\u00eancia da Covid-19 nas \u00faltimas 24 horas.<\/p>\n\n\n\n<p>Desde o in\u00edcio da pandemia, o total de \u00f3bitos \u00e9 de 101.752 e o de infec\u00e7\u00f5es 3.057.470, de acordo com os dados do governo federal.<\/p>\n\n\n\n<p>Entre os estados, S\u00e3o Paulo soma o maior n\u00famero total de registros &#8211; s\u00e3o 627.126 casos da nova doen\u00e7a e 25.114 mortes. Em seguida na lista, aparecem Cear\u00e1, Bahia e Rio de Janeiro.<\/p>\n\n\n\n<p>Os dados do Minist\u00e9rio da Sa\u00fade mostram ainda que 2.163.812 pessoas se curaram da nova doen\u00e7a.<\/p>\n","protected":false},"excerpt":{"rendered":"<p>Os dados s\u00e3o fruto de colabora\u00e7\u00e3o in\u00e9dita entre Folha de S.Paulo, UOL, O Estado de S. Paulo, Extra, O Globo e G1 para reunir e&hellip; <\/p>\n","protected":false},"author":2,"featured_media":182990,"comment_status":"closed","ping_status":"closed","sticky":false,"template":"","format":"standard","meta":{"sfsi_plus_gutenberg_text_before_share":"","sfsi_plus_gutenberg_show_text_before_share":"","sfsi_plus_gutenberg_icon_type":"","sfsi_plus_gutenberg_icon_alignemt":"","sfsi_plus_gutenburg_max_per_row":"","footnotes":""},"categories":[50,2],"tags":[],"class_list":["post-182989","post","type-post","status-publish","format-standard","has-post-thumbnail","hentry","category-destaque","category-geral"],"_links":{"self":[{"href":"https:\/\/www.caririemacao.com\/1\/wp-json\/wp\/v2\/posts\/182989","targetHints":{"allow":["GET"]}}],"collection":[{"href":"https:\/\/www.caririemacao.com\/1\/wp-json\/wp\/v2\/posts"}],"about":[{"href":"https:\/\/www.caririemacao.com\/1\/wp-json\/wp\/v2\/types\/post"}],"author":[{"embeddable":true,"href":"https:\/\/www.caririemacao.com\/1\/wp-json\/wp\/v2\/users\/2"}],"replies":[{"embeddable":true,"href":"https:\/\/www.caririemacao.com\/1\/wp-json\/wp\/v2\/comments?post=182989"}],"version-history":[{"count":1,"href":"https:\/\/www.caririemacao.com\/1\/wp-json\/wp\/v2\/posts\/182989\/revisions"}],"predecessor-version":[{"id":182991,"href":"https:\/\/www.caririemacao.com\/1\/wp-json\/wp\/v2\/posts\/182989\/revisions\/182991"}],"wp:featuredmedia":[{"embeddable":true,"href":"https:\/\/www.caririemacao.com\/1\/wp-json\/wp\/v2\/media\/182990"}],"wp:attachment":[{"href":"https:\/\/www.caririemacao.com\/1\/wp-json\/wp\/v2\/media?parent=182989"}],"wp:term":[{"taxonomy":"category","embeddable":true,"href":"https:\/\/www.caririemacao.com\/1\/wp-json\/wp\/v2\/categories?post=182989"},{"taxonomy":"post_tag","embeddable":true,"href":"https:\/\/www.caririemacao.com\/1\/wp-json\/wp\/v2\/tags?post=182989"}],"curies":[{"name":"wp","href":"https:\/\/api.w.org\/{rel}","templated":true}]}}