{"id":183001,"date":"2020-08-11T08:26:19","date_gmt":"2020-08-11T11:26:19","guid":{"rendered":"https:\/\/www.caririemacao.com\/1\/?p=183001"},"modified":"2020-08-11T08:26:19","modified_gmt":"2020-08-11T11:26:19","slug":"fachin-nega-recurso-da-pgr-para-ter-acesso-a-dados-da-lava-jato","status":"publish","type":"post","link":"https:\/\/www.caririemacao.com\/1\/2020\/08\/11\/fachin-nega-recurso-da-pgr-para-ter-acesso-a-dados-da-lava-jato\/","title":{"rendered":"Fachin nega recurso da PGR para ter acesso a dados da Lava Jato"},"content":{"rendered":"\n<h3 class=\"wp-block-heading\"><\/h3>\n\n\n\n<hr class=\"wp-block-separator\"\/>\n\n\n\n<p>O ministro Edson Fachin, do&nbsp;<a href=\"https:\/\/wscom.com.br\/presidente-do-stf-dias-toffoli-e-internado-mais-uma-vez-agora-com-pneumonite-alergica\/\" target=\"_blank\" rel=\"noreferrer noopener\">Supremo Tribunal Federal (STF)<\/a>, negou hoje (10) pedido da Procuradoria-Geral da Rep\u00fablica (PGR) para suspender sua pr\u00f3pria decis\u00e3o que impediu a entrega de todas as bases de dados das investiga\u00e7\u00f5es realizadas pelas for\u00e7as-tarefas da Opera\u00e7\u00e3o Lava Jato em S\u00e3o Paulo, no Rio de Janeiro e no Paran\u00e1.&nbsp;<img decoding=\"async\" data-src=\"https:\/\/agenciabrasil.ebc.com.br\/ebc.png?id=1313345&amp;o=node\" src=\"data:image\/svg+xml;base64,PHN2ZyB3aWR0aD0iMSIgaGVpZ2h0PSIxIiB4bWxucz0iaHR0cDovL3d3dy53My5vcmcvMjAwMC9zdmciPjwvc3ZnPg==\" class=\"lazyload\"><img decoding=\"async\" data-src=\"https:\/\/agenciabrasil.ebc.com.br\/ebc.gif?id=1313345&amp;o=node\" src=\"data:image\/svg+xml;base64,PHN2ZyB3aWR0aD0iMSIgaGVpZ2h0PSIxIiB4bWxucz0iaHR0cDovL3d3dy53My5vcmcvMjAwMC9zdmciPjwvc3ZnPg==\" class=\"lazyload\"><\/p>\n\n\n\n<p>Na decis\u00e3o, Fachin n\u00e3o reviu seu entendimento sobre a quest\u00e3o, mas definiu que vai levar o caso para julgamento no plen\u00e1rio do STF. A data ainda n\u00e3o foi definida. O ministro tamb\u00e9m determinou que os procuradores respons\u00e1veis pelas for\u00e7as-tarefas sejam notificados para apresentarem manifesta\u00e7\u00e3o antes da an\u00e1lise pelo pleno.<\/p>\n\n\n\n<p>No dia 3, Fachin revogou a liminar proferida em julho pelo presidente do STF, ministro Dias Toffoli, autorizando a PGR a realizar a c\u00f3pia dos dados das for\u00e7as-tarefas. A anula\u00e7\u00e3o da decis\u00e3o de Toffoli ocorreu por motivos processuais. Segundo Fachin, a a\u00e7\u00e3o utilizada pela PGR para pedir que os dados fossem enviados n\u00e3o pode ser usada para esse fim.<\/p>\n\n\n\n<p>No recurso apresentado na semana passada, o vice-procurador-geral, Humberto Jacques de Medeiros, pediu que Fachin mudasse sua decis\u00e3o sobre a quest\u00e3o.<\/p>\n\n\n\n<p>Medeiros disse que os integrantes das for\u00e7as-tarefas s\u00e3o designados pela PGR. Dessa forma, os procuradores n\u00e3o podem reter informa\u00e7\u00f5es sobre as investiga\u00e7\u00f5es em andamento. Segundo o vice-procurador-geral, n\u00e3o h\u00e1 inten\u00e7\u00e3o em fazer \u201cdevassa de documentos\u201d.<\/p>\n","protected":false},"excerpt":{"rendered":"<p>O ministro Edson Fachin, do&nbsp;Supremo Tribunal Federal (STF), negou hoje (10) pedido da Procuradoria-Geral da Rep\u00fablica (PGR) para suspender sua pr\u00f3pria decis\u00e3o que impediu a&hellip; <\/p>\n","protected":false},"author":2,"featured_media":183002,"comment_status":"closed","ping_status":"closed","sticky":false,"template":"","format":"standard","meta":{"sfsi_plus_gutenberg_text_before_share":"","sfsi_plus_gutenberg_show_text_before_share":"","sfsi_plus_gutenberg_icon_type":"","sfsi_plus_gutenberg_icon_alignemt":"","sfsi_plus_gutenburg_max_per_row":"","footnotes":""},"categories":[2],"tags":[],"class_list":["post-183001","post","type-post","status-publish","format-standard","has-post-thumbnail","hentry","category-geral"],"_links":{"self":[{"href":"https:\/\/www.caririemacao.com\/1\/wp-json\/wp\/v2\/posts\/183001","targetHints":{"allow":["GET"]}}],"collection":[{"href":"https:\/\/www.caririemacao.com\/1\/wp-json\/wp\/v2\/posts"}],"about":[{"href":"https:\/\/www.caririemacao.com\/1\/wp-json\/wp\/v2\/types\/post"}],"author":[{"embeddable":true,"href":"https:\/\/www.caririemacao.com\/1\/wp-json\/wp\/v2\/users\/2"}],"replies":[{"embeddable":true,"href":"https:\/\/www.caririemacao.com\/1\/wp-json\/wp\/v2\/comments?post=183001"}],"version-history":[{"count":1,"href":"https:\/\/www.caririemacao.com\/1\/wp-json\/wp\/v2\/posts\/183001\/revisions"}],"predecessor-version":[{"id":183003,"href":"https:\/\/www.caririemacao.com\/1\/wp-json\/wp\/v2\/posts\/183001\/revisions\/183003"}],"wp:featuredmedia":[{"embeddable":true,"href":"https:\/\/www.caririemacao.com\/1\/wp-json\/wp\/v2\/media\/183002"}],"wp:attachment":[{"href":"https:\/\/www.caririemacao.com\/1\/wp-json\/wp\/v2\/media?parent=183001"}],"wp:term":[{"taxonomy":"category","embeddable":true,"href":"https:\/\/www.caririemacao.com\/1\/wp-json\/wp\/v2\/categories?post=183001"},{"taxonomy":"post_tag","embeddable":true,"href":"https:\/\/www.caririemacao.com\/1\/wp-json\/wp\/v2\/tags?post=183001"}],"curies":[{"name":"wp","href":"https:\/\/api.w.org\/{rel}","templated":true}]}}