{"id":183010,"date":"2020-08-11T08:35:19","date_gmt":"2020-08-11T11:35:19","guid":{"rendered":"https:\/\/www.caririemacao.com\/1\/?p=183010"},"modified":"2020-08-11T08:35:19","modified_gmt":"2020-08-11T11:35:19","slug":"aviao-com-parlamentares-da-paraiba-faz-pouso-de-emergencia-em-aracaju","status":"publish","type":"post","link":"https:\/\/www.caririemacao.com\/1\/2020\/08\/11\/aviao-com-parlamentares-da-paraiba-faz-pouso-de-emergencia-em-aracaju\/","title":{"rendered":"Avi\u00e3o com parlamentares da Para\u00edba faz pouso de emerg\u00eancia em Aracaju"},"content":{"rendered":"\n<h1 class=\"wp-block-heading\"><\/h1>\n\n\n\n<p>Um voo com parlamentares da Para\u00edba, que saiu de Jo\u00e3o Pessoa para a Capital Federal no fim da tarde desta segunda-feira (10), fez um pouso de urg\u00eancia em Aracaju (SE).<\/p>\n\n\n\n<p>A bordo, os deputados Wellington Roberto (PL), Ruy Carneiro (PSDB) e Julian Lemos (PSL). O senador Jos\u00e9 Maranh\u00e3o (MDB) tamb\u00e9m viaja no mesmo voo.<\/p>\n\n\n\n<p>Em contato com o&nbsp;<em><strong>Pol\u00eamica Para\u00edba<\/strong><\/em>, os deputados negaram a informa\u00e7\u00e3o de que o avi\u00e3o teria feito um \u2018pouso for\u00e7ado\u2019.<\/p>\n\n\n\n<p>O motivo do pouso de emerg\u00eancia foi que uma passageira passou mal e teve que receber atendimentos m\u00e9dicos em solo. O voo decolou em seguida.<\/p>\n","protected":false},"excerpt":{"rendered":"<p>Um voo com parlamentares da Para\u00edba, que saiu de Jo\u00e3o Pessoa para a Capital Federal no fim da tarde desta segunda-feira (10), fez um pouso&hellip; <\/p>\n","protected":false},"author":2,"featured_media":183011,"comment_status":"closed","ping_status":"closed","sticky":false,"template":"","format":"standard","meta":{"sfsi_plus_gutenberg_text_before_share":"","sfsi_plus_gutenberg_show_text_before_share":"","sfsi_plus_gutenberg_icon_type":"","sfsi_plus_gutenberg_icon_alignemt":"","sfsi_plus_gutenburg_max_per_row":"","footnotes":""},"categories":[2],"tags":[],"class_list":["post-183010","post","type-post","status-publish","format-standard","has-post-thumbnail","hentry","category-geral"],"_links":{"self":[{"href":"https:\/\/www.caririemacao.com\/1\/wp-json\/wp\/v2\/posts\/183010","targetHints":{"allow":["GET"]}}],"collection":[{"href":"https:\/\/www.caririemacao.com\/1\/wp-json\/wp\/v2\/posts"}],"about":[{"href":"https:\/\/www.caririemacao.com\/1\/wp-json\/wp\/v2\/types\/post"}],"author":[{"embeddable":true,"href":"https:\/\/www.caririemacao.com\/1\/wp-json\/wp\/v2\/users\/2"}],"replies":[{"embeddable":true,"href":"https:\/\/www.caririemacao.com\/1\/wp-json\/wp\/v2\/comments?post=183010"}],"version-history":[{"count":1,"href":"https:\/\/www.caririemacao.com\/1\/wp-json\/wp\/v2\/posts\/183010\/revisions"}],"predecessor-version":[{"id":183012,"href":"https:\/\/www.caririemacao.com\/1\/wp-json\/wp\/v2\/posts\/183010\/revisions\/183012"}],"wp:featuredmedia":[{"embeddable":true,"href":"https:\/\/www.caririemacao.com\/1\/wp-json\/wp\/v2\/media\/183011"}],"wp:attachment":[{"href":"https:\/\/www.caririemacao.com\/1\/wp-json\/wp\/v2\/media?parent=183010"}],"wp:term":[{"taxonomy":"category","embeddable":true,"href":"https:\/\/www.caririemacao.com\/1\/wp-json\/wp\/v2\/categories?post=183010"},{"taxonomy":"post_tag","embeddable":true,"href":"https:\/\/www.caririemacao.com\/1\/wp-json\/wp\/v2\/tags?post=183010"}],"curies":[{"name":"wp","href":"https:\/\/api.w.org\/{rel}","templated":true}]}}