{"id":183018,"date":"2020-08-11T08:43:24","date_gmt":"2020-08-11T11:43:24","guid":{"rendered":"https:\/\/www.caririemacao.com\/1\/?p=183018"},"modified":"2020-08-11T08:43:24","modified_gmt":"2020-08-11T11:43:24","slug":"onu-preve-efeitos-catastroficos-da-covid-19-na-educacao","status":"publish","type":"post","link":"https:\/\/www.caririemacao.com\/1\/2020\/08\/11\/onu-preve-efeitos-catastroficos-da-covid-19-na-educacao\/","title":{"rendered":"ONU prev\u00ea efeitos catastr\u00f3ficos da Covid-19 na educa\u00e7\u00e3o"},"content":{"rendered":"\n<h1 class=\"wp-block-heading\"><\/h1>\n\n\n\n<p>Com escolas fechadas em 160 pa\u00edses e mais de 1 bilh\u00e3o de alunos afetados em todo o mundo, o secret\u00e1rio-geral da ONU, Ant\u00f3nio Guterres, disse que a pandemia de covid-19 pode provocar uma trag\u00e9dia sem precedentes na hist\u00f3ria.&nbsp;<\/p>\n\n\n\n<p>\u201c\u00c9 uma cat\u00e1strofe geracional que pode desperdi\u00e7ar um potencial humano incalcul\u00e1vel, minar d\u00e9cadas de progresso e exacerbar desigualdades arraigadas\u201d, disse Guterres em entrevista, repercutida pelo jornal Valor Econ\u00f4mico.<\/p>\n","protected":false},"excerpt":{"rendered":"<p>Com escolas fechadas em 160 pa\u00edses e mais de 1 bilh\u00e3o de alunos afetados em todo o mundo, o secret\u00e1rio-geral da ONU, Ant\u00f3nio Guterres, disse&hellip; <\/p>\n","protected":false},"author":2,"featured_media":183019,"comment_status":"closed","ping_status":"closed","sticky":false,"template":"","format":"standard","meta":{"sfsi_plus_gutenberg_text_before_share":"","sfsi_plus_gutenberg_show_text_before_share":"","sfsi_plus_gutenberg_icon_type":"","sfsi_plus_gutenberg_icon_alignemt":"","sfsi_plus_gutenburg_max_per_row":"","footnotes":""},"categories":[50,2],"tags":[],"class_list":["post-183018","post","type-post","status-publish","format-standard","has-post-thumbnail","hentry","category-destaque","category-geral"],"_links":{"self":[{"href":"https:\/\/www.caririemacao.com\/1\/wp-json\/wp\/v2\/posts\/183018","targetHints":{"allow":["GET"]}}],"collection":[{"href":"https:\/\/www.caririemacao.com\/1\/wp-json\/wp\/v2\/posts"}],"about":[{"href":"https:\/\/www.caririemacao.com\/1\/wp-json\/wp\/v2\/types\/post"}],"author":[{"embeddable":true,"href":"https:\/\/www.caririemacao.com\/1\/wp-json\/wp\/v2\/users\/2"}],"replies":[{"embeddable":true,"href":"https:\/\/www.caririemacao.com\/1\/wp-json\/wp\/v2\/comments?post=183018"}],"version-history":[{"count":1,"href":"https:\/\/www.caririemacao.com\/1\/wp-json\/wp\/v2\/posts\/183018\/revisions"}],"predecessor-version":[{"id":183020,"href":"https:\/\/www.caririemacao.com\/1\/wp-json\/wp\/v2\/posts\/183018\/revisions\/183020"}],"wp:featuredmedia":[{"embeddable":true,"href":"https:\/\/www.caririemacao.com\/1\/wp-json\/wp\/v2\/media\/183019"}],"wp:attachment":[{"href":"https:\/\/www.caririemacao.com\/1\/wp-json\/wp\/v2\/media?parent=183018"}],"wp:term":[{"taxonomy":"category","embeddable":true,"href":"https:\/\/www.caririemacao.com\/1\/wp-json\/wp\/v2\/categories?post=183018"},{"taxonomy":"post_tag","embeddable":true,"href":"https:\/\/www.caririemacao.com\/1\/wp-json\/wp\/v2\/tags?post=183018"}],"curies":[{"name":"wp","href":"https:\/\/api.w.org\/{rel}","templated":true}]}}