{"id":183022,"date":"2020-08-11T08:45:33","date_gmt":"2020-08-11T11:45:33","guid":{"rendered":"https:\/\/www.caririemacao.com\/1\/?p=183022"},"modified":"2020-08-11T08:45:33","modified_gmt":"2020-08-11T11:45:33","slug":"sume-confirma-mais-5-novos-casos-de-coronavirus","status":"publish","type":"post","link":"https:\/\/www.caririemacao.com\/1\/2020\/08\/11\/sume-confirma-mais-5-novos-casos-de-coronavirus\/","title":{"rendered":"Sum\u00e9 confirma mais 5 novos casos de coronav\u00edrus"},"content":{"rendered":"\n<h1 class=\"wp-block-heading\"><\/h1>\n\n\n\n<p>A Secret\u00e1ria de Sa\u00fade de Sum\u00e9 confirma cinco casos de Covid-19, no munic\u00edpio nesta segunda-feira, 10 de agosto.<br>Tratam-se dos seguintes pacientes:<\/p>\n\n\n\n<p>1\u00ba caso: sexo feminino, 25 anos, do bairro Alto Alegre;<br>2\u00ba caso: sexo masculino, 2 anos, do bairro Santa Rosa;<br>3\u00ba caso: sexo feminino, 33 anos, do bairro Santa Rosa;<br>4\u00b0caso: sexo feminino, 44 anos, do bairro Alto do Jorge;<br>5\u00ba caso: sexo masculino, 12 anos, do bairro Frei Dami\u00e3o.<\/p>\n\n\n\n<p>Assim, o munic\u00edpio de Sum\u00e9 tem 223 casos positivos, 178 recuperados, 43 ativos 02 \u00f3bitos.<br>A Prefeitura refor\u00e7a a popula\u00e7\u00e3o a necessidade de manter o distanciamento social, usar m\u00e1scara e higienizar sempre as m\u00e3os.<\/p>\n","protected":false},"excerpt":{"rendered":"<p>A Secret\u00e1ria de Sa\u00fade de Sum\u00e9 confirma cinco casos de Covid-19, no munic\u00edpio nesta segunda-feira, 10 de agosto.Tratam-se dos seguintes pacientes: 1\u00ba caso: sexo feminino,&hellip; <\/p>\n","protected":false},"author":2,"featured_media":183023,"comment_status":"closed","ping_status":"closed","sticky":false,"template":"","format":"standard","meta":{"sfsi_plus_gutenberg_text_before_share":"","sfsi_plus_gutenberg_show_text_before_share":"","sfsi_plus_gutenberg_icon_type":"","sfsi_plus_gutenberg_icon_alignemt":"","sfsi_plus_gutenburg_max_per_row":"","footnotes":""},"categories":[50,2],"tags":[],"class_list":["post-183022","post","type-post","status-publish","format-standard","has-post-thumbnail","hentry","category-destaque","category-geral"],"_links":{"self":[{"href":"https:\/\/www.caririemacao.com\/1\/wp-json\/wp\/v2\/posts\/183022","targetHints":{"allow":["GET"]}}],"collection":[{"href":"https:\/\/www.caririemacao.com\/1\/wp-json\/wp\/v2\/posts"}],"about":[{"href":"https:\/\/www.caririemacao.com\/1\/wp-json\/wp\/v2\/types\/post"}],"author":[{"embeddable":true,"href":"https:\/\/www.caririemacao.com\/1\/wp-json\/wp\/v2\/users\/2"}],"replies":[{"embeddable":true,"href":"https:\/\/www.caririemacao.com\/1\/wp-json\/wp\/v2\/comments?post=183022"}],"version-history":[{"count":1,"href":"https:\/\/www.caririemacao.com\/1\/wp-json\/wp\/v2\/posts\/183022\/revisions"}],"predecessor-version":[{"id":183024,"href":"https:\/\/www.caririemacao.com\/1\/wp-json\/wp\/v2\/posts\/183022\/revisions\/183024"}],"wp:featuredmedia":[{"embeddable":true,"href":"https:\/\/www.caririemacao.com\/1\/wp-json\/wp\/v2\/media\/183023"}],"wp:attachment":[{"href":"https:\/\/www.caririemacao.com\/1\/wp-json\/wp\/v2\/media?parent=183022"}],"wp:term":[{"taxonomy":"category","embeddable":true,"href":"https:\/\/www.caririemacao.com\/1\/wp-json\/wp\/v2\/categories?post=183022"},{"taxonomy":"post_tag","embeddable":true,"href":"https:\/\/www.caririemacao.com\/1\/wp-json\/wp\/v2\/tags?post=183022"}],"curies":[{"name":"wp","href":"https:\/\/api.w.org\/{rel}","templated":true}]}}