{"id":183026,"date":"2020-08-11T08:50:45","date_gmt":"2020-08-11T11:50:45","guid":{"rendered":"https:\/\/www.caririemacao.com\/1\/?p=183026"},"modified":"2020-08-11T08:50:45","modified_gmt":"2020-08-11T11:50:45","slug":"auxilio-emergencial-manteve-economia-ativa-em-municipios-mais-pobres","status":"publish","type":"post","link":"https:\/\/www.caririemacao.com\/1\/2020\/08\/11\/auxilio-emergencial-manteve-economia-ativa-em-municipios-mais-pobres\/","title":{"rendered":"Aux\u00edlio emergencial manteve economia ativa em munic\u00edpios mais pobres"},"content":{"rendered":"\n<h2 class=\"wp-block-heading\"><\/h2>\n\n\n\n<p>Um\u00a0estudo realizado pela Universidade Federal de Pernambuco (UFPE)\u00a0mostrou que o aux\u00edlio emergencial de R$ 600 foi respons\u00e1vel por manter a economia ativa durante a pandemia em munic\u00edpios de menor renda e Produto Interno Bruto (PIB) e alta vulnerabilidade.<img decoding=\"async\" data-src=\"https:\/\/agenciabrasil.ebc.com.br\/ebc.png?id=1313341&amp;o=node\" src=\"data:image\/svg+xml;base64,PHN2ZyB3aWR0aD0iMSIgaGVpZ2h0PSIxIiB4bWxucz0iaHR0cDovL3d3dy53My5vcmcvMjAwMC9zdmciPjwvc3ZnPg==\" class=\"lazyload\"><img decoding=\"async\" data-src=\"https:\/\/agenciabrasil.ebc.com.br\/ebc.gif?id=1313341&amp;o=node\" src=\"data:image\/svg+xml;base64,PHN2ZyB3aWR0aD0iMSIgaGVpZ2h0PSIxIiB4bWxucz0iaHR0cDovL3d3dy53My5vcmcvMjAwMC9zdmciPjwvc3ZnPg==\" class=\"lazyload\"><\/p>\n\n\n\n<p>Segundo um dos autores do estudo, as regi\u00f5es Norte e Nordeste tiveram maior impacto com o recebimento do aux\u00edlio.<\/p>\n\n\n\n<p>\u201cSe for olhar o impacto sobre o PIB ou sobre a massa de rendimentos das fam\u00edlias, tem v\u00e1rios munic\u00edpios de estados do Norte e do Nordeste que se beneficiam bastante, como o Par\u00e1 e o Maranh\u00e3o. No estudo, a gente apresenta uma rela\u00e7\u00e3o desses estados, onde tem [lugar] que o impacto sobre o PIB do estado chega a ser mais de 8% e, em n\u00edvel de munic\u00edpio, tem alguns que chega a&nbsp;ter&nbsp;impacto de 27%\u201d, explicou o professor de economia da UFPE, Ecio Costa.<\/p>\n","protected":false},"excerpt":{"rendered":"<p>Um\u00a0estudo realizado pela Universidade Federal de Pernambuco (UFPE)\u00a0mostrou que o aux\u00edlio emergencial de R$ 600 foi respons\u00e1vel por manter a economia ativa durante a pandemia&hellip; <\/p>\n","protected":false},"author":2,"featured_media":183027,"comment_status":"closed","ping_status":"closed","sticky":false,"template":"","format":"standard","meta":{"sfsi_plus_gutenberg_text_before_share":"","sfsi_plus_gutenberg_show_text_before_share":"","sfsi_plus_gutenberg_icon_type":"","sfsi_plus_gutenberg_icon_alignemt":"","sfsi_plus_gutenburg_max_per_row":"","footnotes":""},"categories":[50,2],"tags":[],"class_list":["post-183026","post","type-post","status-publish","format-standard","has-post-thumbnail","hentry","category-destaque","category-geral"],"_links":{"self":[{"href":"https:\/\/www.caririemacao.com\/1\/wp-json\/wp\/v2\/posts\/183026","targetHints":{"allow":["GET"]}}],"collection":[{"href":"https:\/\/www.caririemacao.com\/1\/wp-json\/wp\/v2\/posts"}],"about":[{"href":"https:\/\/www.caririemacao.com\/1\/wp-json\/wp\/v2\/types\/post"}],"author":[{"embeddable":true,"href":"https:\/\/www.caririemacao.com\/1\/wp-json\/wp\/v2\/users\/2"}],"replies":[{"embeddable":true,"href":"https:\/\/www.caririemacao.com\/1\/wp-json\/wp\/v2\/comments?post=183026"}],"version-history":[{"count":1,"href":"https:\/\/www.caririemacao.com\/1\/wp-json\/wp\/v2\/posts\/183026\/revisions"}],"predecessor-version":[{"id":183028,"href":"https:\/\/www.caririemacao.com\/1\/wp-json\/wp\/v2\/posts\/183026\/revisions\/183028"}],"wp:featuredmedia":[{"embeddable":true,"href":"https:\/\/www.caririemacao.com\/1\/wp-json\/wp\/v2\/media\/183027"}],"wp:attachment":[{"href":"https:\/\/www.caririemacao.com\/1\/wp-json\/wp\/v2\/media?parent=183026"}],"wp:term":[{"taxonomy":"category","embeddable":true,"href":"https:\/\/www.caririemacao.com\/1\/wp-json\/wp\/v2\/categories?post=183026"},{"taxonomy":"post_tag","embeddable":true,"href":"https:\/\/www.caririemacao.com\/1\/wp-json\/wp\/v2\/tags?post=183026"}],"curies":[{"name":"wp","href":"https:\/\/api.w.org\/{rel}","templated":true}]}}