{"id":183030,"date":"2020-08-11T08:55:37","date_gmt":"2020-08-11T11:55:37","guid":{"rendered":"https:\/\/www.caririemacao.com\/1\/?p=183030"},"modified":"2020-08-11T08:55:37","modified_gmt":"2020-08-11T11:55:37","slug":"vendas-para-china-preveniram-choque-nas-exportacoes-diz-guedes","status":"publish","type":"post","link":"https:\/\/www.caririemacao.com\/1\/2020\/08\/11\/vendas-para-china-preveniram-choque-nas-exportacoes-diz-guedes\/","title":{"rendered":"Vendas para China preveniram choque nas exporta\u00e7\u00f5es, diz Guedes"},"content":{"rendered":"\n<h2 class=\"wp-block-heading\"><\/h2>\n\n\n\n<p>A recupera\u00e7\u00e3o r\u00e1pida da economia de diversos pa\u00edses da \u00c1sia, especialmente a China, impediu que a pandemia do novo coronav\u00edrus provocasse um choque nas exporta\u00e7\u00f5es brasileiras, disse hoje (10) o ministro da Economia, Paulo Guedes. Segundo ele, o \u201capetite\u201d asi\u00e1tico compensou a queda nas vendas para os Estados Unidos, a Europa e a Argentina.<img decoding=\"async\" data-src=\"https:\/\/agenciabrasil.ebc.com.br\/ebc.png?id=1313355&amp;o=node\" src=\"data:image\/svg+xml;base64,PHN2ZyB3aWR0aD0iMSIgaGVpZ2h0PSIxIiB4bWxucz0iaHR0cDovL3d3dy53My5vcmcvMjAwMC9zdmciPjwvc3ZnPg==\" class=\"lazyload\"><img decoding=\"async\" data-src=\"https:\/\/agenciabrasil.ebc.com.br\/ebc.gif?id=1313355&amp;o=node\" src=\"data:image\/svg+xml;base64,PHN2ZyB3aWR0aD0iMSIgaGVpZ2h0PSIxIiB4bWxucz0iaHR0cDovL3d3dy53My5vcmcvMjAwMC9zdmciPjwvc3ZnPg==\" class=\"lazyload\"><\/p>\n\n\n\n<p>O ministro participou de uma reuni\u00e3o virtual do F\u00f3rum de Incentivo \u00e0 Cadeia Leiteira, promovido pela Frente Parlamentar da Agropecu\u00e1ria. Durante o encontro, Guedes disse que, gra\u00e7as ao consumo da \u00c1sia, as exporta\u00e7\u00f5es brasileiras fecharam o primeiro semestre quase est\u00e1veis em rela\u00e7\u00e3o ao mesmo per\u00edodo de 2019.<\/p>\n\n\n\n<p>De janeiro a junho, o Brasil vendeu US$ 102,43 bilh\u00f5es ao exterior, valor 6,4% inferior ao do mesmo per\u00edodo de 2019. Segundo os n\u00fameros mais atualizados do Minist\u00e9rio da Economia, divulgados nesta segunda-feira, as exporta\u00e7\u00f5es somam US$ 125,74 bilh\u00f5es at\u00e9 a primeira semana de agosto, recuo de 6,2% em rela\u00e7\u00e3o ao mesmo per\u00edodo do ano passado pelo crit\u00e9rio da m\u00e9dia di\u00e1ria.<\/p>\n\n\n\n<p>A balan\u00e7a comercial \u2013 diferen\u00e7a entre exporta\u00e7\u00f5es e importa\u00e7\u00f5es \u2013 registra super\u00e1vit de US$ 32,08 bilh\u00f5es at\u00e9 a primeira semana de agosto. O resultado \u00e9 16,3% superior ao registrado no mesmo per\u00edodo do ano passado, quando o saldo positivo estava em US$ 27,59 bilh\u00f5es.<\/p>\n\n\n\n<p>Os saldos crescentes na balan\u00e7a comercial registrados nos \u00faltimos meses est\u00e3o ocorrendo porque, com a alta do d\u00f3lar e a crise econ\u00f4mica, as importa\u00e7\u00f5es est\u00e3o caindo mais que as exporta\u00e7\u00f5es. At\u00e9 a primeira semana de agosto, as compras do exterior somavam US$ 93,66 bilh\u00f5es, com recuo de 11,5% em rela\u00e7\u00e3o ao mesmo per\u00edodo de 2019 tamb\u00e9m pelo crit\u00e9rio da m\u00e9dia di\u00e1ria.<\/p>\n\n\n\n<h2 class=\"wp-block-heading\">Pre\u00e7os agr\u00edcolas<\/h2>\n\n\n\n<p>No encontro, o setor leiteiro apresentou reivindica\u00e7\u00f5es para que o governo lide com a queda nos pre\u00e7os para o produtor. O ministro da Economia informou que a melhor maneira de lidar com as flutua\u00e7\u00f5es no pre\u00e7o do leite consiste em estimular o fornecimento de seguros mais sofisticados contra as oscila\u00e7\u00f5es.<\/p>\n\n\n\n<p>O secret\u00e1rio de Pol\u00edtica Econ\u00f4mica da pasta, Adolfo Sachsida, disse que o governo trabalha com tr\u00eas instrumentos para conter as flutua\u00e7\u00f5es e dar mais previsibilidade para os pre\u00e7os agr\u00edcolas. Ele citou o fortalecimento dos seguros, o oferecimento de instrumentos de mercado financeiro e a consolida\u00e7\u00e3o de um banco de dados de custos regionais.<\/p>\n\n\n\n<p>Sobre os mecanismos de mercado, Sachsida informou que o governo discute com o Banco do Brasil o fornecimento de contratos de balc\u00e3o (contratos de investimentos futuros fora da bolsa de valores) para que o produtor possa comprar op\u00e7\u00f5es que \u201cgarantam pre\u00e7os futuros \u00e0 frente\u201d. Ele n\u00e3o informou uma data para a ado\u00e7\u00e3o da medida.<\/p>\n\n\n\n<p>Por meio de contratos de op\u00e7\u00f5es, o produtor se protege de eventuais quedas de pre\u00e7os, com o governo assumindo o preju\u00edzo. Caso o pre\u00e7o suba para al\u00e9m do n\u00edvel fixado, o contrato perde a validade, e o produtor pode vender o alimento a pre\u00e7os de mercado. Esse mecanismo \u00e9 aplicado pela Companhia Nacional de Abastecimento (Conab).<\/p>\n","protected":false},"excerpt":{"rendered":"<p>A recupera\u00e7\u00e3o r\u00e1pida da economia de diversos pa\u00edses da \u00c1sia, especialmente a China, impediu que a pandemia do novo coronav\u00edrus provocasse um choque nas exporta\u00e7\u00f5es&hellip; <\/p>\n","protected":false},"author":2,"featured_media":183031,"comment_status":"closed","ping_status":"closed","sticky":false,"template":"","format":"standard","meta":{"sfsi_plus_gutenberg_text_before_share":"","sfsi_plus_gutenberg_show_text_before_share":"","sfsi_plus_gutenberg_icon_type":"","sfsi_plus_gutenberg_icon_alignemt":"","sfsi_plus_gutenburg_max_per_row":"","footnotes":""},"categories":[2],"tags":[],"class_list":["post-183030","post","type-post","status-publish","format-standard","has-post-thumbnail","hentry","category-geral"],"_links":{"self":[{"href":"https:\/\/www.caririemacao.com\/1\/wp-json\/wp\/v2\/posts\/183030","targetHints":{"allow":["GET"]}}],"collection":[{"href":"https:\/\/www.caririemacao.com\/1\/wp-json\/wp\/v2\/posts"}],"about":[{"href":"https:\/\/www.caririemacao.com\/1\/wp-json\/wp\/v2\/types\/post"}],"author":[{"embeddable":true,"href":"https:\/\/www.caririemacao.com\/1\/wp-json\/wp\/v2\/users\/2"}],"replies":[{"embeddable":true,"href":"https:\/\/www.caririemacao.com\/1\/wp-json\/wp\/v2\/comments?post=183030"}],"version-history":[{"count":1,"href":"https:\/\/www.caririemacao.com\/1\/wp-json\/wp\/v2\/posts\/183030\/revisions"}],"predecessor-version":[{"id":183032,"href":"https:\/\/www.caririemacao.com\/1\/wp-json\/wp\/v2\/posts\/183030\/revisions\/183032"}],"wp:featuredmedia":[{"embeddable":true,"href":"https:\/\/www.caririemacao.com\/1\/wp-json\/wp\/v2\/media\/183031"}],"wp:attachment":[{"href":"https:\/\/www.caririemacao.com\/1\/wp-json\/wp\/v2\/media?parent=183030"}],"wp:term":[{"taxonomy":"category","embeddable":true,"href":"https:\/\/www.caririemacao.com\/1\/wp-json\/wp\/v2\/categories?post=183030"},{"taxonomy":"post_tag","embeddable":true,"href":"https:\/\/www.caririemacao.com\/1\/wp-json\/wp\/v2\/tags?post=183030"}],"curies":[{"name":"wp","href":"https:\/\/api.w.org\/{rel}","templated":true}]}}