{"id":183251,"date":"2020-08-12T08:25:22","date_gmt":"2020-08-12T11:25:22","guid":{"rendered":"https:\/\/www.caririemacao.com\/1\/?p=183251"},"modified":"2020-08-12T08:25:22","modified_gmt":"2020-08-12T11:25:22","slug":"ufcg-divulga-primeira-chamada-da-lista-de-espera-do-sisu-2020-2","status":"publish","type":"post","link":"https:\/\/www.caririemacao.com\/1\/2020\/08\/12\/ufcg-divulga-primeira-chamada-da-lista-de-espera-do-sisu-2020-2\/","title":{"rendered":"UFCG divulga primeira chamada da lista de espera do Sisu 2020.2"},"content":{"rendered":"\n<h1 class=\"wp-block-heading\"><\/h1>\n\n\n\n<p>Na manh\u00e3 desta ter\u00e7a-feira (11), a Universidade Federal de Campina Grande (UFCG) divulgou, a&nbsp;<a rel=\"noreferrer noopener\" href=\"http:\/\/apps.sti.ufcg.edu.br\/chamadas-sisu\/2020-2\/1\/\" target=\"_blank\">primeira chamada da lista de espera<\/a>&nbsp;do Sistema de Sele\u00e7\u00e3o Unificado (Sisu) 2020.2. Est\u00e3o sendo convocados 1.082 candidatos. O candidato classificado deve enviar, de 13 a 16 de agosto, por meio de um formul\u00e1rio, dispon\u00edvel no&nbsp;<a rel=\"noreferrer noopener\" href=\"https:\/\/www.comprov.ufcg.edu.br\/\" target=\"_blank\">site da institui\u00e7\u00e3o<\/a>, toda a documenta\u00e7\u00e3o necess\u00e1ria para o cadastramento, descrita no edital do chamamento. O cadastramento ser\u00e1 realizado de 19 a 21 de agosto pela coordena\u00e7\u00e3o do curso para qual o aluno foi aprovado, ap\u00f3s a an\u00e1lise da documenta\u00e7\u00e3o.<\/p>\n\n\n\n<p><a rel=\"noreferrer noopener\" href=\"http:\/\/apps.sti.ufcg.edu.br\/chamadas-sisu\/2020-2\/1\/\" target=\"_blank\">Primeira chamada da lista de espera do Sisu 2020.2<\/a><\/p>\n\n\n\n<p>Os candidatos das vagas reservadas devem ficar atentos para a documenta\u00e7\u00e3o exigida na modalidade na qual est\u00e1 concorrendo. Este ano, a UFCG adotou o Cad\u00danico para comprova\u00e7\u00e3o de renda. O cadastramento \u00e9 obrigat\u00f3rio e a n\u00e3o apresenta\u00e7\u00e3o da documenta\u00e7\u00e3o exigida implica na perda do direito \u00e0 vaga.<\/p>\n\n\n\n<p>Caso surjam vagas remanescentes ap\u00f3s o cadastramento da primeira chamada, est\u00e3o previstos mais quatro chamamentos. A primeira vai acontecer na 2\u00aa chamada, no dia 8 de setembro; a 3\u00aa no dia 13 de outubro; e a 4\u00aa chamada no dia 10 de novembro. A 5\u00aa e \u00faltima chamada, junto com as datas de matr\u00edcula em disciplinas e in\u00edcio das aulas, ainda ser\u00e3o divulgadas pela universidade. No dia 1\u00ba de setembro, a UFCG vai iniciar aulas remotas para estudantes veteranos, no&nbsp;<a href=\"https:\/\/g1.globo.com\/pb\/paraiba\/noticia\/2020\/07\/17\/ufcg-regulamenta-atividades-remotas-e-oferta-de-terceiro-periodo-suplementar-para-2020.ghtml\">per\u00edodo letivo 2020.3<\/a>, que \u00e9 suplementar e optativo. Ele n\u00e3o ser\u00e1 disponibilizado para os ingressantes no semestre 2020.2, cujo calend\u00e1rio s\u00f3 ser\u00e1 definido ap\u00f3s o retorno das atividades do Per\u00edodo 2020.1, que est\u00e1 suspenso at\u00e9 que se possam repactuar as aulas presenciais.<\/p>\n","protected":false},"excerpt":{"rendered":"<p>Na manh\u00e3 desta ter\u00e7a-feira (11), a Universidade Federal de Campina Grande (UFCG) divulgou, a&nbsp;primeira chamada da lista de espera&nbsp;do Sistema de Sele\u00e7\u00e3o Unificado (Sisu) 2020.2.&hellip; <\/p>\n","protected":false},"author":2,"featured_media":183252,"comment_status":"closed","ping_status":"closed","sticky":false,"template":"","format":"standard","meta":{"sfsi_plus_gutenberg_text_before_share":"","sfsi_plus_gutenberg_show_text_before_share":"","sfsi_plus_gutenberg_icon_type":"","sfsi_plus_gutenberg_icon_alignemt":"","sfsi_plus_gutenburg_max_per_row":"","footnotes":""},"categories":[2],"tags":[],"class_list":["post-183251","post","type-post","status-publish","format-standard","has-post-thumbnail","hentry","category-geral"],"_links":{"self":[{"href":"https:\/\/www.caririemacao.com\/1\/wp-json\/wp\/v2\/posts\/183251","targetHints":{"allow":["GET"]}}],"collection":[{"href":"https:\/\/www.caririemacao.com\/1\/wp-json\/wp\/v2\/posts"}],"about":[{"href":"https:\/\/www.caririemacao.com\/1\/wp-json\/wp\/v2\/types\/post"}],"author":[{"embeddable":true,"href":"https:\/\/www.caririemacao.com\/1\/wp-json\/wp\/v2\/users\/2"}],"replies":[{"embeddable":true,"href":"https:\/\/www.caririemacao.com\/1\/wp-json\/wp\/v2\/comments?post=183251"}],"version-history":[{"count":1,"href":"https:\/\/www.caririemacao.com\/1\/wp-json\/wp\/v2\/posts\/183251\/revisions"}],"predecessor-version":[{"id":183253,"href":"https:\/\/www.caririemacao.com\/1\/wp-json\/wp\/v2\/posts\/183251\/revisions\/183253"}],"wp:featuredmedia":[{"embeddable":true,"href":"https:\/\/www.caririemacao.com\/1\/wp-json\/wp\/v2\/media\/183252"}],"wp:attachment":[{"href":"https:\/\/www.caririemacao.com\/1\/wp-json\/wp\/v2\/media?parent=183251"}],"wp:term":[{"taxonomy":"category","embeddable":true,"href":"https:\/\/www.caririemacao.com\/1\/wp-json\/wp\/v2\/categories?post=183251"},{"taxonomy":"post_tag","embeddable":true,"href":"https:\/\/www.caririemacao.com\/1\/wp-json\/wp\/v2\/tags?post=183251"}],"curies":[{"name":"wp","href":"https:\/\/api.w.org\/{rel}","templated":true}]}}