{"id":183360,"date":"2020-08-12T16:26:58","date_gmt":"2020-08-12T19:26:58","guid":{"rendered":"https:\/\/www.caririemacao.com\/1\/?p=183360"},"modified":"2020-08-12T16:26:58","modified_gmt":"2020-08-12T19:26:58","slug":"usp-investiga-se-funcionario-do-samu-que-morreu-teve-covid-19-duas-vezes-em-araraquara","status":"publish","type":"post","link":"https:\/\/www.caririemacao.com\/1\/2020\/08\/12\/usp-investiga-se-funcionario-do-samu-que-morreu-teve-covid-19-duas-vezes-em-araraquara\/","title":{"rendered":"USP investiga se funcion\u00e1rio do Samu que morreu teve Covid-19 duas vezes em Araraquara"},"content":{"rendered":"\n<p class=\"wp-block-paragraph\">O Servi\u00e7o Especial de Sa\u00fade (Sesa), da Universidade de S\u00e3o Paulo\u00a0<a href=\"https:\/\/g1.globo.com\/educacao\/universidade\/usp\/\">(USP)<\/a>, em\u00a0Araraquara\u00a0(SP)\u00a0est\u00e1 reanalisando duas amostras coletadas\u00a0do funcion\u00e1rio do Servi\u00e7o de Atendimento M\u00f3vel de Urg\u00eancia (Samu),\u00a0que morreu com suspeita de reinfec\u00e7\u00e3o da Covid-19\u00a0na ter\u00e7a-feira (11).<\/p>\n\n\n\n<p class=\"wp-block-paragraph\">Jo\u00e3o Duarte, de 65 anos,\u00a0estava internado na Unidade de Terapia Intensiva (UTI) do Hospital Estadual de\u00a0Am\u00e9rico Brasiliense\u00a0(HEAB) desde julho. Ele \u00e9 o primeiro profissional de Sa\u00fade de Araraquara v\u00edtima da doen\u00e7a. O corpo foi enterrado na manh\u00e3 desta quarta-feira (12), em\u00a0Nova Europa.<\/p>\n\n\n\n<p class=\"wp-block-paragraph\">De acordo com a Secret\u00e1ria Municipal de Sa\u00fade, Eliana Honain,\u00a0ele tinha dois exames positivos para Covid-19 com tr\u00eas meses de diferen\u00e7a.<\/p>\n\n\n\n<p class=\"wp-block-paragraph\">At\u00e9 o momento, os cientistas n\u00e3o conseguiram comprovar a\u00a0possibilidade de se infectar mais de uma vez pelo novo coronav\u00edrus.<\/p>\n\n\n\n<p class=\"wp-block-paragraph\">A\u00a0comunidade internacional tem apenas mais um registro\u00a0semelhante a esse, de uma mulher em Boston.<\/p>\n\n\n\n<h5 class=\"wp-block-heading\">Investiga\u00e7\u00e3o de reinfec\u00e7\u00e3o<\/h5>\n\n\n\n<figure class=\"wp-block-image\"><img decoding=\"async\" src=\"https:\/\/s2.glbimg.com\/_kvKWDthWzQ7MvGxNHHoXCKbpVM=\/0x0:1054x580\/984x0\/smart\/filters:strip_icc()\/s.glbimg.com\/jo\/g1\/f\/original\/2014\/12\/04\/sesa.jpg\" alt=\"Sesa, em Araraquara, \u00e9 administrado pela USP  \u2014 Foto: Arquivo\/EPTV\"\/><\/figure>\n\n\n\n<p class=\"wp-block-paragraph\">Sesa, em Araraquara, \u00e9 administrado pela USP \u2014 Foto: Arquivo\/EPTV<\/p>\n\n\n\n<p class=\"wp-block-paragraph\">O funcion\u00e1rio do Samu testou positivo para Covid-19 no m\u00eas de abril, logo no in\u00edcio da pandemia, em Araraquara e cumpriu o per\u00edodo de isolamento.<\/p>\n\n\n\n<p class=\"wp-block-paragraph\">Ap\u00f3s seguir o protocolo da quarentena, ele voltou a trabalhar mas, em julho, apresentou novamente sintomas, dessa vez mais graves e precisou ser internado e intubado.<\/p>\n\n\n\n<p class=\"wp-block-paragraph\">O diretor do Sesa, Walter Figueiredo, explicou ao&nbsp;<strong>G1<\/strong>&nbsp;que est\u00e3o sendo feitas an\u00e1lises da secre\u00e7\u00e3o coletada da garganta (orofaringe) em duas ocasi\u00f5es.<\/p>\n\n\n\n<p class=\"wp-block-paragraph\">Caso elas confirmem positivo para Covid-19, outros procedimentos ser\u00e3o realizados para descartar as possibilidades.<\/p>\n\n\n\n<blockquote class=\"wp-block-quote is-layout-flow wp-block-quote-is-layout-flow\"><p>&#8220;A gente vai tentar eliminar as possibilidades de ser uma reinfec\u00e7\u00e3o. A gente est\u00e1 tentando isolar o v\u00edrus, sequenciar o v\u00edrus para ver se \u00e9 o mesmo, isso se conseguir com as amostras que se tem, a gente n\u00e3o sabe ainda se vai conseguir chegar a uma conclus\u00e3o&#8221;, disse Figueiredo.<\/p><\/blockquote>\n\n\n\n<p class=\"wp-block-paragraph\">Ainda de acordo com o diretor, muita coisa sobre o v\u00edrus ainda \u00e9 incerta. &#8220;A gente lamenta pelo \u00f3bito, esse que \u00e9 o problema, mas a gente vai verificar a possibilidade da reinfec\u00e7\u00e3o.&#8221;<\/p>\n\n\n\n<p class=\"wp-block-paragraph\">Para Figueiredo, n\u00e3o est\u00e1 descartada a hip\u00f3tese de um dos exames terem dado falso negativo.<\/p>\n\n\n\n<p class=\"wp-block-paragraph\">&#8220;A gente ainda n\u00e3o sabe exatamente se esse v\u00edrus as pessoas adquirem imunidade mesmo, se essa imunidade acaba rapidamente ou n\u00e3o, se eventualmente a pessoa n\u00e3o adquirem imunidade e pode se reinfectar, se o v\u00edrus se modificou, tem um monte de possibilidades que a gente n\u00e3o sabe&#8221;, contou o diretor.<\/p>\n\n\n\n<p class=\"wp-block-paragraph\">Araraquara\u00a0soma 2.432 casos de Covid-19\u00a0desde o in\u00edcio da pandemia. A morte do t\u00e9cnico de enfermagem \u00e9 a\u00a022\u00aa\u00a0causada pela doen\u00e7a no munic\u00edpio.<\/p>\n\n\n\n<h5 class=\"wp-block-heading\">Homenagens<\/h5>\n\n\n\n<figure class=\"wp-block-image\"><img decoding=\"async\" src=\"https:\/\/s2.glbimg.com\/-r3IraTSFUoJT0J-XwbAeWvJaQI=\/0x0:790x444\/984x0\/smart\/filters:strip_icc()\/i.s3.glbimg.com\/v1\/AUTH_59edd422c0c84a879bd37670ae4f538a\/internal_photos\/bs\/2020\/P\/V\/ctsdtpS8AcWbqTrlrYVA\/amigos-e-790x444-12082020113424.jpg\" alt=\"Amigos e familiares fazem cortejo em homenagem ao t\u00e9cnico de enfermagem que morreu com suspeita de reinfec\u00e7\u00e3o da Covid em Araraquara \u2014 Foto: ACidade ON Araraquara\"\/><\/figure>\n\n\n\n<p class=\"wp-block-paragraph\">Amigos e familiares fazem cortejo em homenagem ao t\u00e9cnico de enfermagem que morreu com suspeita de reinfec\u00e7\u00e3o da Covid em Araraquara \u2014 Foto: ACidade ON Araraquara<\/p>\n\n\n\n<p class=\"wp-block-paragraph\">Amigos e familiares de Duarte realizaram uma homenagem, na manh\u00e3 desta quarta-feira (12). Durante o cortejo, o sil\u00eancio foi interrompido com o som intenso das sirenes e buzinas saindo da Funer\u00e1ria Almeida, \u00e0s 7h, at\u00e9\u00a0Nova Europa, onde o socorrista foi enterrado.<\/p>\n\n\n\n<p class=\"wp-block-paragraph\">A filha do t\u00e9cnico de enfermagem, Gabriela Durante publicou um comunicado, no in\u00edcio da noite de ter\u00e7a-feira (11), no Facebook sobre o falecimento do pai (<em>veja publica\u00e7\u00e3o abaixo<\/em>).<\/p>\n\n\n\n<p class=\"wp-block-paragraph\">Gabriela agradeceu todos que oraram pelo pai durante os 16 dias em que ele ficou internado. &#8220;Que Deus nos d\u00ea for\u00e7a para suportar a maior dor do mundo. Hoje perdemos mais um profissional da sa\u00fade, que amava o que fazia. Eu perco o melhor pai do mundo. Te amo eternamente paizinho, hoje vai ter festa no c\u00e9u, voc\u00ea est\u00e1 com Deus.&#8221;<\/p>\n\n\n\n<figure class=\"wp-block-image\"><img decoding=\"async\" src=\"https:\/\/s2.glbimg.com\/BqoSNmWM6WjvUYR6BjDTbpO_lkQ=\/0x0:1007x549\/984x0\/smart\/filters:strip_icc()\/i.s3.glbimg.com\/v1\/AUTH_59edd422c0c84a879bd37670ae4f538a\/internal_photos\/bs\/2020\/Q\/W\/QtmPiLRNaS08s5Yionzg\/filha-facebook-publicacao.jpg\" alt=\"Filha do t\u00e9cnico de enfermagem que morreu v\u00edtima de Covid-19 em Araraquara publica texto sobre a morte do pai \u2014 Foto: Redes Sociais\"\/><\/figure>\n\n\n\n<p class=\"wp-block-paragraph\">Filha do t\u00e9cnico de enfermagem que morreu v\u00edtima de Covid-19 em Araraquara publica texto sobre a morte do pai \u2014 Foto: Redes Sociais<\/p>\n\n\n\n<h5 class=\"wp-block-heading\">Caso em Ribeir\u00e3o Preto<\/h5>\n\n\n\n<p class=\"wp-block-paragraph\">Um estudo da Universidade de S\u00e3o Paulo (USP) conduzido pela Faculdade de Medicina de Ribeir\u00e3o Preto (SP)\u00a0confirmou, apesar de rara, a possibilidade de reinfec\u00e7\u00e3o pelo novo coronav\u00edrus\u00a0em uma t\u00e9cnica de enfermagem de 24 anos, que foi diagnosticada em maio e voltou a ficar doente em junho.<\/p>\n\n\n\n<p class=\"wp-block-paragraph\">Segundo pesquisadores da Faculdade de Medicina, quadro deve ser analisado por autoridades em sa\u00fade.<\/p>\n\n\n\n<figure class=\"wp-block-image\"><img decoding=\"async\" src=\"https:\/\/s2.glbimg.com\/DzHSOyD2m_KdUqbY7vHpcGtRArY=\/0x0:1400x2981\/984x0\/smart\/filters:strip_icc()\/i.s3.glbimg.com\/v1\/AUTH_59edd422c0c84a879bd37670ae4f538a\/internal_photos\/bs\/2020\/K\/j\/quLlQzTJilp1hr88VJkQ\/arte2-mascaras.png\" alt=\"Infogr\u00e1fico mostra quais s\u00e3o os erros e acertos ao usar a m\u00e1scara \u2014 Foto: G1\"\/><\/figure>\n\n\n\n<p class=\"wp-block-paragraph\">Infogr\u00e1fico mostra quais s\u00e3o os erros e acertos ao usar a m\u00e1scara \u2014 Foto: G1<\/p>\n\n\n\n<p class=\"wp-block-paragraph\">COM G1<\/p>\n","protected":false},"excerpt":{"rendered":"<p>O Servi\u00e7o Especial de Sa\u00fade (Sesa), da Universidade de S\u00e3o Paulo\u00a0(USP), em\u00a0Araraquara\u00a0(SP)\u00a0est\u00e1 reanalisando duas amostras coletadas\u00a0do funcion\u00e1rio do Servi\u00e7o de Atendimento M\u00f3vel de Urg\u00eancia (Samu),\u00a0que morreu com suspeita de reinfec\u00e7\u00e3o da Covid-19\u00a0na ter\u00e7a-feira (11). Jo\u00e3o Duarte, de 65 anos,\u00a0estava internado na Unidade de Terapia Intensiva (UTI) do Hospital Estadual de\u00a0Am\u00e9rico Brasiliense\u00a0(HEAB) desde julho. Ele \u00e9 o primeiro profissional de Sa\u00fade de Araraquara v\u00edtima da doen\u00e7a. O corpo foi enterrado na manh\u00e3 desta quarta-feira (12), em\u00a0Nova Europa. De acordo com a Secret\u00e1ria Municipal de Sa\u00fade, Eliana Honain,\u00a0ele tinha dois exames positivos para Covid-19 com tr\u00eas meses de diferen\u00e7a. At\u00e9 o momento, os cientistas n\u00e3o conseguiram comprovar a\u00a0possibilidade de se infectar mais de uma vez pelo novo coronav\u00edrus. A\u00a0comunidade internacional tem apenas mais um registro\u00a0semelhante a esse, de uma mulher em Boston. Investiga\u00e7\u00e3o de reinfec\u00e7\u00e3o Sesa, em Araraquara, \u00e9 administrado pela USP \u2014 Foto: Arquivo\/EPTV O funcion\u00e1rio do Samu testou positivo para Covid-19 no m\u00eas de abril, logo no in\u00edcio da pandemia, em Araraquara e cumpriu o per\u00edodo de isolamento. Ap\u00f3s seguir o protocolo da quarentena, ele voltou a trabalhar mas, em julho, apresentou novamente sintomas, dessa vez mais graves e precisou ser internado e intubado. O diretor do Sesa, Walter Figueiredo, explicou ao&nbsp;G1&nbsp;que est\u00e3o sendo feitas an\u00e1lises da secre\u00e7\u00e3o coletada da garganta (orofaringe) em duas ocasi\u00f5es. Caso elas confirmem positivo para Covid-19, outros procedimentos ser\u00e3o realizados para descartar as possibilidades. &#8220;A gente vai tentar eliminar as possibilidades de ser uma reinfec\u00e7\u00e3o. A gente est\u00e1 tentando isolar o v\u00edrus, sequenciar o v\u00edrus para ver se \u00e9 o mesmo, isso se conseguir com as amostras que se tem, a gente n\u00e3o sabe ainda se vai conseguir chegar a uma conclus\u00e3o&#8221;, disse Figueiredo. Ainda de acordo com o diretor, muita coisa sobre o v\u00edrus ainda \u00e9 incerta. &#8220;A gente lamenta pelo \u00f3bito, esse que \u00e9 o problema, mas a gente vai verificar a possibilidade da reinfec\u00e7\u00e3o.&#8221; Para Figueiredo, n\u00e3o est\u00e1 descartada a hip\u00f3tese de um dos exames terem dado falso negativo. &#8220;A gente ainda n\u00e3o sabe exatamente se esse v\u00edrus as pessoas adquirem imunidade mesmo, se essa imunidade acaba rapidamente ou n\u00e3o, se eventualmente a pessoa n\u00e3o adquirem imunidade e pode se reinfectar, se o v\u00edrus se modificou, tem um monte de possibilidades que a gente n\u00e3o sabe&#8221;, contou o diretor. Araraquara\u00a0soma 2.432 casos de Covid-19\u00a0desde o in\u00edcio da pandemia. A morte do t\u00e9cnico de enfermagem \u00e9 a\u00a022\u00aa\u00a0causada pela doen\u00e7a no munic\u00edpio. Homenagens Amigos e familiares fazem cortejo em homenagem ao t\u00e9cnico de enfermagem que morreu com suspeita de reinfec\u00e7\u00e3o da Covid em Araraquara \u2014 Foto: ACidade ON Araraquara Amigos e familiares de Duarte realizaram uma homenagem, na manh\u00e3 desta quarta-feira (12). Durante o cortejo, o sil\u00eancio foi interrompido com o som intenso das sirenes e buzinas saindo da Funer\u00e1ria Almeida, \u00e0s 7h, at\u00e9\u00a0Nova Europa, onde o socorrista foi enterrado. A filha do t\u00e9cnico de enfermagem, Gabriela Durante publicou um comunicado, no in\u00edcio da noite de ter\u00e7a-feira (11), no Facebook sobre o falecimento do pai (veja publica\u00e7\u00e3o abaixo). Gabriela agradeceu todos que oraram pelo pai durante os 16 dias em que ele ficou internado. &#8220;Que Deus nos d\u00ea for\u00e7a para suportar a maior dor do mundo. Hoje perdemos mais um profissional da sa\u00fade, que amava o que fazia. Eu perco o melhor pai do mundo. Te amo eternamente paizinho, hoje vai ter festa no c\u00e9u, voc\u00ea est\u00e1 com Deus.&#8221; Filha do t\u00e9cnico de enfermagem que morreu v\u00edtima de Covid-19 em Araraquara publica texto sobre a morte do pai \u2014 Foto: Redes Sociais Caso em Ribeir\u00e3o Preto Um estudo da Universidade de S\u00e3o Paulo (USP) conduzido pela Faculdade de Medicina de Ribeir\u00e3o Preto (SP)\u00a0confirmou, apesar de rara, a possibilidade de reinfec\u00e7\u00e3o pelo novo coronav\u00edrus\u00a0em uma t\u00e9cnica de enfermagem de 24 anos, que foi diagnosticada em maio e voltou a ficar doente em junho. Segundo pesquisadores da Faculdade de Medicina, quadro deve ser analisado por autoridades em sa\u00fade. Infogr\u00e1fico mostra quais s\u00e3o os erros e acertos ao usar a m\u00e1scara \u2014 Foto: G1 COM G1<\/p>\n","protected":false},"author":1,"featured_media":183365,"comment_status":"closed","ping_status":"closed","sticky":false,"template":"","format":"standard","meta":{"sfsi_plus_gutenberg_text_before_share":"","sfsi_plus_gutenberg_show_text_before_share":"","sfsi_plus_gutenberg_icon_type":"","sfsi_plus_gutenberg_icon_alignemt":"","sfsi_plus_gutenburg_max_per_row":"","footnotes":""},"categories":[2],"tags":[],"class_list":["post-183360","post","type-post","status-publish","format-standard","has-post-thumbnail","hentry","category-geral"],"_links":{"self":[{"href":"https:\/\/www.caririemacao.com\/1\/wp-json\/wp\/v2\/posts\/183360","targetHints":{"allow":["GET"]}}],"collection":[{"href":"https:\/\/www.caririemacao.com\/1\/wp-json\/wp\/v2\/posts"}],"about":[{"href":"https:\/\/www.caririemacao.com\/1\/wp-json\/wp\/v2\/types\/post"}],"author":[{"embeddable":true,"href":"https:\/\/www.caririemacao.com\/1\/wp-json\/wp\/v2\/users\/1"}],"replies":[{"embeddable":true,"href":"https:\/\/www.caririemacao.com\/1\/wp-json\/wp\/v2\/comments?post=183360"}],"version-history":[{"count":1,"href":"https:\/\/www.caririemacao.com\/1\/wp-json\/wp\/v2\/posts\/183360\/revisions"}],"predecessor-version":[{"id":183366,"href":"https:\/\/www.caririemacao.com\/1\/wp-json\/wp\/v2\/posts\/183360\/revisions\/183366"}],"wp:featuredmedia":[{"embeddable":true,"href":"https:\/\/www.caririemacao.com\/1\/wp-json\/wp\/v2\/media\/183365"}],"wp:attachment":[{"href":"https:\/\/www.caririemacao.com\/1\/wp-json\/wp\/v2\/media?parent=183360"}],"wp:term":[{"taxonomy":"category","embeddable":true,"href":"https:\/\/www.caririemacao.com\/1\/wp-json\/wp\/v2\/categories?post=183360"},{"taxonomy":"post_tag","embeddable":true,"href":"https:\/\/www.caririemacao.com\/1\/wp-json\/wp\/v2\/tags?post=183360"}],"curies":[{"name":"wp","href":"https:\/\/api.w.org\/{rel}","templated":true}]}}