{"id":183727,"date":"2020-08-14T13:36:26","date_gmt":"2020-08-14T16:36:26","guid":{"rendered":"https:\/\/www.caririemacao.com\/1\/?p=183727"},"modified":"2020-08-14T13:36:26","modified_gmt":"2020-08-14T16:36:26","slug":"microempreendedor-individual-sera-dispensado-da-obrigacao-de-licenca-e-alvara-para-funcionamento-do-negocio","status":"publish","type":"post","link":"https:\/\/www.caririemacao.com\/1\/2020\/08\/14\/microempreendedor-individual-sera-dispensado-da-obrigacao-de-licenca-e-alvara-para-funcionamento-do-negocio\/","title":{"rendered":"Microempreendedor individual ser\u00e1 dispensado da obriga\u00e7\u00e3o de licen\u00e7a e alvar\u00e1 para funcionamento do neg\u00f3cio"},"content":{"rendered":"\n<p>O microempreendedor individual ser\u00e1 dispensado, a partir do pr\u00f3ximo dia 1\u00ba de setembro, da obriga\u00e7\u00e3o de concess\u00e3o de licen\u00e7a e alvar\u00e1 para funcionamento. A medida \u00e9 resultado da Lei de Liberdade Econ\u00f4mica, que est\u00e1 em vigor desde setembro do ano passado.<\/p>\n\n\n\n<p>A Lei visa tornar o ambiente de neg\u00f3cios no pa\u00eds mais simples e menos burocr\u00e1tico.<\/p>\n\n\n\n<p>De acordo com a analista t\u00e9cnica do Sebrae Para\u00edba, Nelijane Ricarte, essas medidas facilitam a vida do empres\u00e1rio no processo de legaliza\u00e7\u00e3o e de abertura do neg\u00f3cio.&nbsp;<\/p>\n\n\n\n<p>&#8220;Ainda assim, \u00e9 importante para o empres\u00e1rio estar atento aos pr\u00e9-requisitos necess\u00e1rios para que ele possa abrir um neg\u00f3cio e, para isso, ele pode contar com o apoio do Sebrae atrav\u00e9s do 0800 570 0800 ou tamb\u00e9m por meio do nosso atendimento presencial&#8221;, afirma.&nbsp;<\/p>\n\n\n\n<p>As ag\u00eancias regionais do Sebrae Para\u00edba est\u00e3o atendendo presencialmente das 8h \u00e0s 12h, com exce\u00e7\u00e3o da ag\u00eancia Sul de Jo\u00e3o Pessoa, cujo funcionamento \u00e9 das 14h \u00e0s 18h.&nbsp;<\/p>\n\n\n\n<p><strong>Como ir\u00e1 funcionar&nbsp;<\/strong><\/p>\n\n\n\n<p>Ap\u00f3s inscri\u00e7\u00e3o no Portal do Empreendedor, o candidato a MEI manifestar\u00e1 sua concord\u00e2ncia com o conte\u00fado do Termo de Ci\u00eancia e Responsabilidade com Efeito de Dispensa de Alvar\u00e1 de Licen\u00e7a de Funcionamento. O documento ser\u00e1 emitido eletronicamente e permite o exerc\u00edcio imediato de suas atividades.&nbsp;<\/p>\n\n\n\n<p>As fiscaliza\u00e7\u00f5es para verifica\u00e7\u00e3o dos requisitos de dispensa continuar\u00e3o a ser realizadas, mas o empreendedor n\u00e3o necessitar\u00e1 aguardar a visita dos agentes p\u00fablicos para abrir a empresa. Ap\u00f3s o in\u00edcio do funcionamento e caso a fiscaliza\u00e7\u00e3o aponte discord\u00e2ncia das atividades, no entanto, o MEI ser\u00e1 notificado, podendo o termo de dispensa de alvar\u00e1 ser cancelado.<\/p>\n","protected":false},"excerpt":{"rendered":"<p>O microempreendedor individual ser\u00e1 dispensado, a partir do pr\u00f3ximo dia 1\u00ba de setembro, da obriga\u00e7\u00e3o de concess\u00e3o de licen\u00e7a e alvar\u00e1 para funcionamento. A medida&hellip; <\/p>\n","protected":false},"author":2,"featured_media":164609,"comment_status":"closed","ping_status":"closed","sticky":false,"template":"","format":"standard","meta":{"sfsi_plus_gutenberg_text_before_share":"","sfsi_plus_gutenberg_show_text_before_share":"","sfsi_plus_gutenberg_icon_type":"","sfsi_plus_gutenberg_icon_alignemt":"","sfsi_plus_gutenburg_max_per_row":"","footnotes":""},"categories":[2],"tags":[],"class_list":["post-183727","post","type-post","status-publish","format-standard","has-post-thumbnail","hentry","category-geral"],"_links":{"self":[{"href":"https:\/\/www.caririemacao.com\/1\/wp-json\/wp\/v2\/posts\/183727","targetHints":{"allow":["GET"]}}],"collection":[{"href":"https:\/\/www.caririemacao.com\/1\/wp-json\/wp\/v2\/posts"}],"about":[{"href":"https:\/\/www.caririemacao.com\/1\/wp-json\/wp\/v2\/types\/post"}],"author":[{"embeddable":true,"href":"https:\/\/www.caririemacao.com\/1\/wp-json\/wp\/v2\/users\/2"}],"replies":[{"embeddable":true,"href":"https:\/\/www.caririemacao.com\/1\/wp-json\/wp\/v2\/comments?post=183727"}],"version-history":[{"count":1,"href":"https:\/\/www.caririemacao.com\/1\/wp-json\/wp\/v2\/posts\/183727\/revisions"}],"predecessor-version":[{"id":183728,"href":"https:\/\/www.caririemacao.com\/1\/wp-json\/wp\/v2\/posts\/183727\/revisions\/183728"}],"wp:featuredmedia":[{"embeddable":true,"href":"https:\/\/www.caririemacao.com\/1\/wp-json\/wp\/v2\/media\/164609"}],"wp:attachment":[{"href":"https:\/\/www.caririemacao.com\/1\/wp-json\/wp\/v2\/media?parent=183727"}],"wp:term":[{"taxonomy":"category","embeddable":true,"href":"https:\/\/www.caririemacao.com\/1\/wp-json\/wp\/v2\/categories?post=183727"},{"taxonomy":"post_tag","embeddable":true,"href":"https:\/\/www.caririemacao.com\/1\/wp-json\/wp\/v2\/tags?post=183727"}],"curies":[{"name":"wp","href":"https:\/\/api.w.org\/{rel}","templated":true}]}}