{"id":183734,"date":"2020-08-14T13:44:31","date_gmt":"2020-08-14T16:44:31","guid":{"rendered":"https:\/\/www.caririemacao.com\/1\/?p=183734"},"modified":"2020-08-14T13:44:31","modified_gmt":"2020-08-14T16:44:31","slug":"mp-investiga-suposta-contratacao-de-funcionarios-fantasmas-desde-o-primeiro-mandato-por-carlos-bolsonaro","status":"publish","type":"post","link":"https:\/\/www.caririemacao.com\/1\/2020\/08\/14\/mp-investiga-suposta-contratacao-de-funcionarios-fantasmas-desde-o-primeiro-mandato-por-carlos-bolsonaro\/","title":{"rendered":"MP investiga suposta contrata\u00e7\u00e3o de funcion\u00e1rios fantasmas desde o primeiro mandato por Carlos Bolsonaro"},"content":{"rendered":"\n<p>No inqu\u00e9rito em que investiga a suposta contrata\u00e7\u00e3o de funcion\u00e1rios fantasmas no gabinete do vereador Carlos Bolsonaro (Republicanos), filho do presidente Jair Bolsonaro (sem-partido), o Minist\u00e9rio P\u00fablico do Rio de Janeiro (MPRJ) encontrou ind\u00edcios da pr\u00e1tica j\u00e1 no primeiro mandato dele na C\u00e2mara Municipal do Rio de Janeiro, a partir de 2001.<\/p>\n\n\n\n<p>No relat\u00f3rio, o MPRJ afirma ainda que \u201ch\u00e1 ind\u00edcios, ao menos em tese, do crime de peculato na contrata\u00e7\u00e3o de servidores de Carlos Bolsonaro\u201d. A Subprocuradoria-Geral de Justi\u00e7a aceitou o pedido dos promotores e decidiu abrir um procedimento investigat\u00f3rio criminal.<\/p>\n\n\n\n<p>Pelo menos oito pessoas j\u00e1 foram ouvidas pelos promotores desde julho do ano passado. Entre os investigados, h\u00e1 funcion\u00e1rios que n\u00e3o apareciam na C\u00e2mara em meses. Alguns deles nem sequer tinham crach\u00e1 de servidor.<\/p>\n\n\n\n<p>Outros estudavam ou tinham outro emprego enquanto estavam nomeados no gabinete do vereador.<\/p>\n\n\n\n<p>Idosos de fora do Rio<br>No relat\u00f3rio, o MPRJ destacou a contrata\u00e7\u00e3o de \u201cservidores com idade elevada, e que moram em outros munic\u00edpios e at\u00e9 em outros estados, distantes de onde \u00e9 exercido o mandato do vereador Carlos Bolsonaro\u201d.<\/p>\n\n\n\n<p>Para os promotores, isso \u201cinviabilizaria o cumprimento das fun\u00e7\u00f5es de assessoria parlamentar\u201d.<\/p>\n\n\n\n<p>Uma das contratadas foi Diva da Cruz Martins, de 72 anos, moradora de Nova Igua\u00e7u. Diva foi lotada entre 2003 e 2005 \u2014 ou seja, no primeiro e no segundo mandatos \u2014 no gabinete do vereador e recebia R$ 3 mil por m\u00eas.<\/p>\n\n\n\n<p>\u201cEu n\u00e3o encontrava com ningu\u00e9m. Eu ia l\u00e1 e voltava, n\u00e3o sei nem quem trabalhava l\u00e1. N\u00e3o sei nem quem era funcion\u00e1rio, quem n\u00e3o era\u201d, disse \u00e0 GloboNews.<\/p>\n\n\n\n<p>Diva n\u00e3o soube dizer aos promotores qual era a denomina\u00e7\u00e3o do seu cargo. Ela disse em depoimento que \u201cseu trabalho\u201d era \u201ccomparecer \u00e0 C\u00e2mara de Vereadores uma vez por m\u00eas, buscar uns folhetos e distribuir \u00e0s pessoas no Centro de Nova Igua\u00e7u\u201d.<\/p>\n\n\n\n<p>A ex-servidora tamb\u00e9m contou aos promotores que, nesse dia do m\u00eas que usava para buscar os folhetos de seu trabalho, aproveitava para assinar o ponto.<\/p>\n\n\n\n<p>\u00c0 GloboNews, Diva repetiu a resposta dada ao MP.<\/p>\n\n\n\n<p>\u201cEu fazia panfleto aqui em Nova Igua\u00e7u. Eu pegava l\u00e1 e trazia para c\u00e1\u201d, afirmou.<br>Para Michael Mohallem, professor de direito penal, atividades de um vereador do Rio fora do munic\u00edpio \u201cdevem ser excepcionais\u201d.<\/p>\n\n\n\n<p>\u201cA atividade cotidiana, servi\u00e7o para o qual o servidor \u00e9 pago com recursos do contribuinte do Munic\u00edpio do Rio, tem que ser exercida naturalmente no mun\u00edcipio\u201d, disse.<\/p>\n\n\n\n<p>Mas um of\u00edcio da C\u00e2mara sobre a frequ\u00eancia dos servidores do gabinete de Carlos Bolsonaro mostra que entre os anos de 2003 e 2005, diva n\u00e3o esteve nenhuma vez na Casa.<\/p>\n\n\n\n<p>Diva disse para a GloboNews que n\u00e3o batia ponto nem tinha crach\u00e1 na C\u00e2mara.<\/p>\n\n\n\n<p>Resende-Rio<br>O Minist\u00e9rio P\u00fablico ouviu tamb\u00e9m o casal Ananda e Guilherme Hudson, que trabalhou para o vereador.<\/p>\n\n\n\n<p>Ananda Hudson foi servidora da C\u00e2mara de mar\u00e7o de 2009 at\u00e9 agosto de 2010. Enquanto exercia a fun\u00e7\u00e3o de assessora parlamentar, Ananda cursou o \u00faltimo ano da faculdade de letras em Resende, no Sul do RJ, que fica a 171 km da C\u00e2mara \u2014 um trajeto percorrido em cerca de tr\u00eas horas, de carro.<\/p>\n\n\n\n<p>Perguntada como conciliava o \u00faltimo ano do curso em Resende com o trabalho no Rio de Janeiro, Ananda disse que ia e voltava de Resende todos os dias, e fazia as aulas no per\u00edodo noturno. E que ela e o marido assinavam o ponto uma vez por m\u00eas.<\/p>\n\n\n\n<p>Ananda disse aos promotores que n\u00e3o se lembrava do nome de nenhum outro servidor do gabinete de Carlos Bolsonaro e que jamais participou de uma reuni\u00e3o com o vereador.<\/p>\n\n\n\n<p>Guilherme, marido de Ananda, foi chefe de gabinete do vereador Carlos Bolsonaro entre abril de 2008 e janeiro de 2018. Assumiu o cargo no lugar da prima, Ana Cristina Siqueira Valle, ex-mulher do presidente Jair Bolsonaro.<\/p>\n\n\n\n<p>Mesmo com o cargo de chefia, guilherme disse aos promotores que \u201cnunca teve crach\u00e1\u201d.<\/p>\n\n\n\n<p>Guilherme disse ainda que \u201cfazia an\u00e1lise da constitucionalidade e elaborava textos para projetos de lei\u201d. Segundo o ex-assessor, os projetos eram revisados pela esposa, Ananda, para adequa\u00e7\u00e3o \u00e0 norma culta da l\u00edngua.<\/p>\n\n\n\n<p>\u201cQuando redigia os projetos de lei, os salvava em pen-drives e entregava diretamente ao vereador, de forma que n\u00e3o tem registros desses trabalhos\u201d, disse o MP.<\/p>\n\n\n\n<p>Guilherme afirmou que, ao longo do tempo em que atuou como chefe de gabinete, trocou pouqu\u00edssimos e-mails com Carlos Bolsonaro.<\/p>\n\n\n\n<p>O que dizem os envolvidos<br>A GloboNews perguntou se a defesa do vereador Carlos Bolsonaro gostaria de gravar entrevista sobre o teor da reportagem. O advogado Antonio Carlos Fonseca se manifestou por meio de nota.<\/p>\n\n\n\n<p>\u201cEm raz\u00e3o do sigilo decretado no procedimento, as informa\u00e7\u00f5es necess\u00e1rias para comprovar as tarefas desempenhadas pelos funcion\u00e1rios desde 2001 est\u00e3o sendo apresentadas ao MP, que inclusive j\u00e1 foi comunicado que o parlamentar est\u00e1 \u00e0 disposi\u00e7\u00e3o e empenhado em esclarecer os fatos\u201d, afirmou.<\/p>\n\n\n\n<p>J\u00e1 o advogado Jefferson de Carvalho Gomes, respons\u00e1vel pela defesa de Guilherme e Ananda informou que os os dois \u201cj\u00e1 prestaram os devidos esclarecimentos ao Minist\u00e9rio P\u00fablico em procedimento investigat\u00f3rio sigiloso\u201d.<\/p>\n\n\n\n<p>\u201cCientes de que jamais cometeram qualquer ato il\u00edcito, confiam na lisura das institui\u00e7\u00f5es e aguardam pelo desfecho do procedimento acima citado\u201d, emendou.<\/p>\n","protected":false},"excerpt":{"rendered":"<p>No inqu\u00e9rito em que investiga a suposta contrata\u00e7\u00e3o de funcion\u00e1rios fantasmas no gabinete do vereador Carlos Bolsonaro (Republicanos), filho do presidente Jair Bolsonaro (sem-partido), o&hellip; <\/p>\n","protected":false},"author":2,"featured_media":176861,"comment_status":"closed","ping_status":"closed","sticky":false,"template":"","format":"standard","meta":{"sfsi_plus_gutenberg_text_before_share":"","sfsi_plus_gutenberg_show_text_before_share":"","sfsi_plus_gutenberg_icon_type":"","sfsi_plus_gutenberg_icon_alignemt":"","sfsi_plus_gutenburg_max_per_row":"","footnotes":""},"categories":[11],"tags":[],"class_list":["post-183734","post","type-post","status-publish","format-standard","has-post-thumbnail","hentry","category-politica"],"_links":{"self":[{"href":"https:\/\/www.caririemacao.com\/1\/wp-json\/wp\/v2\/posts\/183734","targetHints":{"allow":["GET"]}}],"collection":[{"href":"https:\/\/www.caririemacao.com\/1\/wp-json\/wp\/v2\/posts"}],"about":[{"href":"https:\/\/www.caririemacao.com\/1\/wp-json\/wp\/v2\/types\/post"}],"author":[{"embeddable":true,"href":"https:\/\/www.caririemacao.com\/1\/wp-json\/wp\/v2\/users\/2"}],"replies":[{"embeddable":true,"href":"https:\/\/www.caririemacao.com\/1\/wp-json\/wp\/v2\/comments?post=183734"}],"version-history":[{"count":1,"href":"https:\/\/www.caririemacao.com\/1\/wp-json\/wp\/v2\/posts\/183734\/revisions"}],"predecessor-version":[{"id":183735,"href":"https:\/\/www.caririemacao.com\/1\/wp-json\/wp\/v2\/posts\/183734\/revisions\/183735"}],"wp:featuredmedia":[{"embeddable":true,"href":"https:\/\/www.caririemacao.com\/1\/wp-json\/wp\/v2\/media\/176861"}],"wp:attachment":[{"href":"https:\/\/www.caririemacao.com\/1\/wp-json\/wp\/v2\/media?parent=183734"}],"wp:term":[{"taxonomy":"category","embeddable":true,"href":"https:\/\/www.caririemacao.com\/1\/wp-json\/wp\/v2\/categories?post=183734"},{"taxonomy":"post_tag","embeddable":true,"href":"https:\/\/www.caririemacao.com\/1\/wp-json\/wp\/v2\/tags?post=183734"}],"curies":[{"name":"wp","href":"https:\/\/api.w.org\/{rel}","templated":true}]}}