{"id":183737,"date":"2020-08-14T14:14:21","date_gmt":"2020-08-14T17:14:21","guid":{"rendered":"https:\/\/www.caririemacao.com\/1\/?p=183737"},"modified":"2020-08-14T14:14:21","modified_gmt":"2020-08-14T17:14:21","slug":"funasa-libera-recursos-para-projeto-de-educacao-e-melhoria-da-qualidade-da-agua-em-comunidades-rurais-de-sume","status":"publish","type":"post","link":"https:\/\/www.caririemacao.com\/1\/2020\/08\/14\/funasa-libera-recursos-para-projeto-de-educacao-e-melhoria-da-qualidade-da-agua-em-comunidades-rurais-de-sume\/","title":{"rendered":"Funasa libera recursos para projeto de educa\u00e7\u00e3o e melhoria da qualidade da \u00e1gua em comunidades rurais de Sum\u00e9"},"content":{"rendered":"\n<p>A Funasa liberou mais de R$ 102 mil para a execu\u00e7\u00e3o de projeto de Seguran\u00e7a Alimentar e Sa\u00fade Ambiental no Assentamento Mandacaru e no Distrito do Pio X, localizados na zona rural do munic\u00edpio de Sum\u00e9. O projeto \u00e9 uma parceria entre a Prefeitura de Sum\u00e9 e a Funasa e beneficiar\u00e1 480 pessoas com a\u00e7\u00f5es de educa\u00e7\u00e3o para a melhoria da qualidade da \u00e1gua para consumo humano das comunidades atendidas.<\/p>\n\n\n\n<p>De acordo com o prefeito de Sum\u00e9, \u00c9den Duarte, o projeto \u201cEducando para melhoria da qualidade de \u00e1gua para consumo humano\u201d, complementa outros conv\u00eanios executados em parceria com a Funasa, a exemplo da implanta\u00e7\u00e3o de 41 banheiros (dos quais 28 j\u00e1 foram entregues) em resid\u00eancias da zona rural e dos sistemas de abastecimento d\u2019\u00e1gua na comunidade Santo Agostinho e das comunidades ribeirinhas da Bacia do A\u00e7ude P\u00fablico de Sum\u00e9 e da unidade de tratamento de \u00c1gua Salta Z, instalada na Agrovila do Lambedor.<\/p>\n\n\n\n<p>A coordenadora do projeto, Paula W\u00eandia, disse que o objetivo central do projeto versa sobre dois par\u00e2metros: garantia \u00e0 Seguran\u00e7a Alimentar e \u00e0 Sa\u00fade Ambiental, numa perspectiva educacional e o fortalecimento do protagonismo feminino e das juventudes, por meio de atividades educativas que proporcionem a melhoria da qualidade da \u00e1gua consumida pelas comunidades atendidas.<\/p>\n\n\n\n<p>Ascom PMS<\/p>\n","protected":false},"excerpt":{"rendered":"<p>A Funasa liberou mais de R$ 102 mil para a execu\u00e7\u00e3o de projeto de Seguran\u00e7a Alimentar e Sa\u00fade Ambiental no Assentamento Mandacaru e no Distrito&hellip; <\/p>\n","protected":false},"author":2,"featured_media":157049,"comment_status":"closed","ping_status":"closed","sticky":false,"template":"","format":"standard","meta":{"sfsi_plus_gutenberg_text_before_share":"","sfsi_plus_gutenberg_show_text_before_share":"","sfsi_plus_gutenberg_icon_type":"","sfsi_plus_gutenberg_icon_alignemt":"","sfsi_plus_gutenburg_max_per_row":"","footnotes":""},"categories":[6,95],"tags":[],"class_list":["post-183737","post","type-post","status-publish","format-standard","has-post-thumbnail","hentry","category-cidades","category-sume"],"_links":{"self":[{"href":"https:\/\/www.caririemacao.com\/1\/wp-json\/wp\/v2\/posts\/183737","targetHints":{"allow":["GET"]}}],"collection":[{"href":"https:\/\/www.caririemacao.com\/1\/wp-json\/wp\/v2\/posts"}],"about":[{"href":"https:\/\/www.caririemacao.com\/1\/wp-json\/wp\/v2\/types\/post"}],"author":[{"embeddable":true,"href":"https:\/\/www.caririemacao.com\/1\/wp-json\/wp\/v2\/users\/2"}],"replies":[{"embeddable":true,"href":"https:\/\/www.caririemacao.com\/1\/wp-json\/wp\/v2\/comments?post=183737"}],"version-history":[{"count":1,"href":"https:\/\/www.caririemacao.com\/1\/wp-json\/wp\/v2\/posts\/183737\/revisions"}],"predecessor-version":[{"id":183738,"href":"https:\/\/www.caririemacao.com\/1\/wp-json\/wp\/v2\/posts\/183737\/revisions\/183738"}],"wp:featuredmedia":[{"embeddable":true,"href":"https:\/\/www.caririemacao.com\/1\/wp-json\/wp\/v2\/media\/157049"}],"wp:attachment":[{"href":"https:\/\/www.caririemacao.com\/1\/wp-json\/wp\/v2\/media?parent=183737"}],"wp:term":[{"taxonomy":"category","embeddable":true,"href":"https:\/\/www.caririemacao.com\/1\/wp-json\/wp\/v2\/categories?post=183737"},{"taxonomy":"post_tag","embeddable":true,"href":"https:\/\/www.caririemacao.com\/1\/wp-json\/wp\/v2\/tags?post=183737"}],"curies":[{"name":"wp","href":"https:\/\/api.w.org\/{rel}","templated":true}]}}