{"id":183742,"date":"2020-08-14T15:07:34","date_gmt":"2020-08-14T18:07:34","guid":{"rendered":"https:\/\/www.caririemacao.com\/1\/?p=183742"},"modified":"2020-08-14T15:09:42","modified_gmt":"2020-08-14T18:09:42","slug":"prefeito-sandro-moco-e-liberado-e-segue-para-a-cidade-de-camalau","status":"publish","type":"post","link":"https:\/\/www.caririemacao.com\/1\/2020\/08\/14\/prefeito-sandro-moco-e-liberado-e-segue-para-a-cidade-de-camalau\/","title":{"rendered":"Prefeito Sandro M\u00f4co \u00e9 liberado e segue para a cidade de Camala\u00fa"},"content":{"rendered":"\n<p>O Prefeito de Camala\u00fa, Sandro M\u00f4co, foi liberado na tarde desta sexta-feira 14, ap\u00f3s ser preso e afastado do exerc\u00edcio de suas fun\u00e7\u00f5es p\u00fablicas. <\/p>\n\n\n\n<p>Ele segue para a sua cidade, onde deve ser acolhido por grande n\u00famero de amigos e correligion\u00e1rios.<\/p>\n\n\n\n<p>Informa\u00e7\u00f5es De Olho no Cariri <\/p>\n","protected":false},"excerpt":{"rendered":"<p>O Prefeito de Camala\u00fa, Sandro M\u00f4co, foi liberado na tarde desta sexta-feira 14, ap\u00f3s ser preso e afastado do exerc\u00edcio de suas fun\u00e7\u00f5es p\u00fablicas. Ele&hellip; <\/p>\n","protected":false},"author":1,"featured_media":183743,"comment_status":"closed","ping_status":"closed","sticky":false,"template":"","format":"standard","meta":{"sfsi_plus_gutenberg_text_before_share":"","sfsi_plus_gutenberg_show_text_before_share":"","sfsi_plus_gutenberg_icon_type":"","sfsi_plus_gutenberg_icon_alignemt":"","sfsi_plus_gutenburg_max_per_row":"","footnotes":""},"categories":[6,50],"tags":[],"class_list":["post-183742","post","type-post","status-publish","format-standard","has-post-thumbnail","hentry","category-cidades","category-destaque"],"_links":{"self":[{"href":"https:\/\/www.caririemacao.com\/1\/wp-json\/wp\/v2\/posts\/183742","targetHints":{"allow":["GET"]}}],"collection":[{"href":"https:\/\/www.caririemacao.com\/1\/wp-json\/wp\/v2\/posts"}],"about":[{"href":"https:\/\/www.caririemacao.com\/1\/wp-json\/wp\/v2\/types\/post"}],"author":[{"embeddable":true,"href":"https:\/\/www.caririemacao.com\/1\/wp-json\/wp\/v2\/users\/1"}],"replies":[{"embeddable":true,"href":"https:\/\/www.caririemacao.com\/1\/wp-json\/wp\/v2\/comments?post=183742"}],"version-history":[{"count":2,"href":"https:\/\/www.caririemacao.com\/1\/wp-json\/wp\/v2\/posts\/183742\/revisions"}],"predecessor-version":[{"id":183745,"href":"https:\/\/www.caririemacao.com\/1\/wp-json\/wp\/v2\/posts\/183742\/revisions\/183745"}],"wp:featuredmedia":[{"embeddable":true,"href":"https:\/\/www.caririemacao.com\/1\/wp-json\/wp\/v2\/media\/183743"}],"wp:attachment":[{"href":"https:\/\/www.caririemacao.com\/1\/wp-json\/wp\/v2\/media?parent=183742"}],"wp:term":[{"taxonomy":"category","embeddable":true,"href":"https:\/\/www.caririemacao.com\/1\/wp-json\/wp\/v2\/categories?post=183742"},{"taxonomy":"post_tag","embeddable":true,"href":"https:\/\/www.caririemacao.com\/1\/wp-json\/wp\/v2\/tags?post=183742"}],"curies":[{"name":"wp","href":"https:\/\/api.w.org\/{rel}","templated":true}]}}