{"id":183980,"date":"2020-08-17T08:21:44","date_gmt":"2020-08-17T11:21:44","guid":{"rendered":"https:\/\/www.caririemacao.com\/1\/?p=183980"},"modified":"2020-08-17T08:21:44","modified_gmt":"2020-08-17T11:21:44","slug":"pandemia-pode-aumentar-evasao-escolar-dizem-especialistas","status":"publish","type":"post","link":"https:\/\/www.caririemacao.com\/1\/2020\/08\/17\/pandemia-pode-aumentar-evasao-escolar-dizem-especialistas\/","title":{"rendered":"Pandemia pode aumentar evas\u00e3o escolar, dizem especialistas"},"content":{"rendered":"\n<h3 class=\"wp-block-heading\"><\/h3>\n\n\n\n<hr class=\"wp-block-separator\"\/>\n\n\n\n<p><ins><\/ins><\/p>\n\n\n\n<p>De acordo com os dados mais recentes do IBGE e do Minist\u00e9rio da Educa\u00e7\u00e3o, coletados antes da pandemia, 1,1 milh\u00e3o de adolescentes, entre 15 e 17 anos, n\u00e3o frequentam a escola. O n\u00famero representa 11,8% dos jovens nessa faixa et\u00e1ria. No grupo de 6 a 14 anos s\u00e3o quase 170 mil crian\u00e7as que n\u00e3o v\u00e3o \u00e0 escola ou seja, 0,7%. Mas, de acordo com especialistas, a taxa de evas\u00e3o escolar pode crescer com a pandemia.<\/p>\n\n\n\n<p>A preocupa\u00e7\u00e3o de quem estuda o acesso \u00e0 educa\u00e7\u00e3o no Brasil \u00e9 de que o medo de cont\u00e1gio pelo novo coronav\u00edrus possa motivar pais a n\u00e3o enviar os filhos para a escola neste e no pr\u00f3ximo ano.<\/p>\n\n\n\n<p>A presidente da ONG Todos pela Educa\u00e7\u00e3o, Priscila Cruz, explica que os gestores da educa\u00e7\u00e3o est\u00e3o em um beco sem sa\u00edda, onde todas as op\u00e7\u00f5es poss\u00edveis s\u00e3o ruins.<\/p>\n\n\n\n<p>\u201cQuanto mais tempo os alunos ficam em casa, enfraquecendo seu v\u00ednculo com a escola, maior a chance da gente ter uma explos\u00e3o na evas\u00e3o escolar. Por um lado, precisamos retomar as aulas presenciais porque \u00e9 assim que vamos retomar a possibilidade de ter uma educa\u00e7\u00e3o de qualidade no pa\u00eds, no entanto, n\u00e3o d\u00e1 pra voltar as aulas nessa situa\u00e7\u00e3o de pandemia em um patamar t\u00e3o alto\u201d, analisou Cruz em audi\u00eancia p\u00fablica no Senado.<\/p>\n\n\n\n<h2 class=\"wp-block-heading\">Risco de contamina\u00e7\u00e3o<\/h2>\n\n\n\n<p>A pedagoga Eliza Holanda Costa, 27, \u00e9 m\u00e3e de uma menina de tr\u00eas anos. Ela ainda analisa como compensar as faltas, mas conta que a fam\u00edlia j\u00e1 tomou uma decis\u00e3o: s\u00f3 v\u00e3o mandar a pequena para a escola quando houver uma vacina contra a Covid-19 disponibilizada para a popula\u00e7\u00e3o.<\/p>\n\n\n\n<p>\u201cEu n\u00e3o acredito que crian\u00e7as pequenas consigam cumprir protocolos de seguran\u00e7a. Outro aspecto que me preocupa \u00e9 o discurso de que tudo bem retomar as aulas porque \u2018s\u00f3 vai mandar o filho pra escola quem quer\u2019. Mas as pessoas esquecem que estamos vivendo um problema coletivo. Quando meu filho vai pra escola, eu posso gerar uma rede de contamina\u00e7\u00e3o\u201d, defende.<\/p>\n\n\n\n<p>Eliza teme que, para evitar que uma crian\u00e7a contamine a outra, as escolas se tornem ambientes muito r\u00edgidos. Isso poderia tirar um dos pontos mais fortes da educa\u00e7\u00e3o que \u00e9 o conv\u00edvio social. \u201cA crian\u00e7a vai encontrar um ambiente totalmente diferente. Uma escola onde eu n\u00e3o posso abra\u00e7ar o amigo, n\u00e3o posso ser acolhido por um professor, n\u00e3o posso compartilhar brinquedos\u201d, explica.<\/p>\n\n\n\n<p>Em muitos estados, a decis\u00e3o sobre retomar ou n\u00e3o as aulas nas redes p\u00fablica e privada foi parar na justi\u00e7a. No Distrito Federal, depois de um vai-e-vem judicial, a decis\u00e3o mais recente foi em permitir que as escolas particulares reabram a partir de 27 de julho. Na rede p\u00fablica, a retomada das atividades ser\u00e1 feita gradualmente. Na pr\u00f3xima semana, os professores j\u00e1 v\u00e3o voltar, para receberem treinamento sobre medidas sanit\u00e1rias, como prepara\u00e7\u00e3o para as aulas presenciais. Estudantes do EJA voltam em 31 de agosto. Em setembro voltam os alunos do ensino fundamental e em outubro os alunos da educa\u00e7\u00e3o infantil.<\/p>\n","protected":false},"excerpt":{"rendered":"<p>De acordo com os dados mais recentes do IBGE e do Minist\u00e9rio da Educa\u00e7\u00e3o, coletados antes da pandemia, 1,1 milh\u00e3o de adolescentes, entre 15 e&hellip; <\/p>\n","protected":false},"author":2,"featured_media":183981,"comment_status":"closed","ping_status":"closed","sticky":false,"template":"","format":"standard","meta":{"sfsi_plus_gutenberg_text_before_share":"","sfsi_plus_gutenberg_show_text_before_share":"","sfsi_plus_gutenberg_icon_type":"","sfsi_plus_gutenberg_icon_alignemt":"","sfsi_plus_gutenburg_max_per_row":"","footnotes":""},"categories":[2],"tags":[],"class_list":["post-183980","post","type-post","status-publish","format-standard","has-post-thumbnail","hentry","category-geral"],"_links":{"self":[{"href":"https:\/\/www.caririemacao.com\/1\/wp-json\/wp\/v2\/posts\/183980","targetHints":{"allow":["GET"]}}],"collection":[{"href":"https:\/\/www.caririemacao.com\/1\/wp-json\/wp\/v2\/posts"}],"about":[{"href":"https:\/\/www.caririemacao.com\/1\/wp-json\/wp\/v2\/types\/post"}],"author":[{"embeddable":true,"href":"https:\/\/www.caririemacao.com\/1\/wp-json\/wp\/v2\/users\/2"}],"replies":[{"embeddable":true,"href":"https:\/\/www.caririemacao.com\/1\/wp-json\/wp\/v2\/comments?post=183980"}],"version-history":[{"count":1,"href":"https:\/\/www.caririemacao.com\/1\/wp-json\/wp\/v2\/posts\/183980\/revisions"}],"predecessor-version":[{"id":183982,"href":"https:\/\/www.caririemacao.com\/1\/wp-json\/wp\/v2\/posts\/183980\/revisions\/183982"}],"wp:featuredmedia":[{"embeddable":true,"href":"https:\/\/www.caririemacao.com\/1\/wp-json\/wp\/v2\/media\/183981"}],"wp:attachment":[{"href":"https:\/\/www.caririemacao.com\/1\/wp-json\/wp\/v2\/media?parent=183980"}],"wp:term":[{"taxonomy":"category","embeddable":true,"href":"https:\/\/www.caririemacao.com\/1\/wp-json\/wp\/v2\/categories?post=183980"},{"taxonomy":"post_tag","embeddable":true,"href":"https:\/\/www.caririemacao.com\/1\/wp-json\/wp\/v2\/tags?post=183980"}],"curies":[{"name":"wp","href":"https:\/\/api.w.org\/{rel}","templated":true}]}}