{"id":183984,"date":"2020-08-17T08:26:48","date_gmt":"2020-08-17T11:26:48","guid":{"rendered":"https:\/\/www.caririemacao.com\/1\/?p=183984"},"modified":"2020-08-17T08:26:48","modified_gmt":"2020-08-17T11:26:48","slug":"tres-moradores-43-garcons-e-cozinheiros-veja-custos-do-palacio-da-alvorada","status":"publish","type":"post","link":"https:\/\/www.caririemacao.com\/1\/2020\/08\/17\/tres-moradores-43-garcons-e-cozinheiros-veja-custos-do-palacio-da-alvorada\/","title":{"rendered":"Tr\u00eas moradores, 43 gar\u00e7ons e cozinheiros. Veja custos do Pal\u00e1cio da Alvorada"},"content":{"rendered":"\n<p><\/p>\n\n\n\n<h3 class=\"wp-block-heading\"><\/h3>\n\n\n\n<hr class=\"wp-block-separator\"\/>\n\n\n\n<p>O Pal\u00e1cio da Alvorada, resid\u00eancia oficial do presidente da Rep\u00fablica,&nbsp;<strong>Jair Bolsonaro<\/strong>&nbsp;(sem partido), conta com um quadro de 43 funcion\u00e1rios para atender os tr\u00eas moradores do local. Entre eles, est\u00e3o cozinheiros, chefes de cozinha e gar\u00e7ons. Al\u00e9m do chefe do Executivo, moram no pal\u00e1cio a primeira-dama, Michelle Bolsonaro, e a filha do casal, Laura Bolsonaro.<\/p>\n\n\n\n<p>Em um c\u00e1lculo simples, \u00e9 poss\u00edvel notar que cada membro da fam\u00edlia tem cerca de 14 funcion\u00e1rios para servi-lo. O gasto aos cofres p\u00fablicos com os servidores da resid\u00eancia foi de R$ 261.198,97 no primeiro semestre de 2020.<\/p>\n\n\n\n<p>Os dados foram obtidos pelo&nbsp;Metr\u00f3poles&nbsp;por meio da&nbsp;<strong>Lei de Acesso \u00e0 Informa\u00e7\u00e3o<\/strong>&nbsp;(LAI), disponibilizados pela Secretaria Especial de Comunica\u00e7\u00e3o Social da Secretaria de Governo da Presid\u00eancia da Rep\u00fablica.<\/p>\n\n\n\n<p>N\u00e3o foi especificado se os servidores trabalham simultaneamente ou se se revezam entre si. O levantamento teve como base o primeiro semestre deste ano.<\/p>\n\n\n\n<h6 class=\"wp-block-heading\"><strong>Mensal<\/strong><\/h6>\n\n\n\n<p>O per\u00edodo em que o governo federal mais gastou com os servi\u00e7os de cozinha e copeiro foi em junho, desembolsando R$ 61.491,74 para remunera\u00e7\u00e3o dos servidores. A quantia \u00e9 quase o dobro dos gastos com os pagamentos realizados nos meses de janeiro e fevereiro, quando foram pagos R$ 37.791,50 e R$ 39.276,99 de sal\u00e1rios aos 43 funcion\u00e1rios, respectivamente.<\/p>\n\n\n\n<figure class=\"wp-block-image\"><img decoding=\"async\" data-src=\"https:\/\/uploads.metropoles.com\/wp-content\/uploads\/2016\/06\/04094812\/Pal%C3%A1cio-da-Alvorada.jpg\" alt=\"\" src=\"data:image\/svg+xml;base64,PHN2ZyB3aWR0aD0iMSIgaGVpZ2h0PSIxIiB4bWxucz0iaHR0cDovL3d3dy53My5vcmcvMjAwMC9zdmciPjwvc3ZnPg==\" class=\"lazyload\" \/><\/figure>\n\n\n\n<p>Fachada do Pal\u00e1cio da AlvoradaIchiro Guerra\/Divulga\u00e7\u00e3o<\/p>\n\n\n\n<figure class=\"wp-block-image\"><img decoding=\"async\" data-src=\"https:\/\/files.metropoles.com\/assets\/images\/icons\/thumb-poster-3x2.jpg\" alt=\"\" src=\"data:image\/svg+xml;base64,PHN2ZyB3aWR0aD0iMSIgaGVpZ2h0PSIxIiB4bWxucz0iaHR0cDovL3d3dy53My5vcmcvMjAwMC9zdmciPjwvc3ZnPg==\" class=\"lazyload\" \/><\/figure>\n\n\n\n<p>A quantia tamb\u00e9m sofreu leve aumento em mar\u00e7o, com a utiliza\u00e7\u00e3o de R$ 39.712,44 da verba p\u00fablica aos gar\u00e7ons e cozinheiros. J\u00e1 em abril e maio, a verba mensal teve altera\u00e7\u00f5es mais significativas, quando foram pagos R$ 40.747,22 e R$ 42.179,08, respectivamente.<\/p>\n\n\n\n<p>Um m\u00eas ap\u00f3s o per\u00edodo em que mais teve gastos com os funcion\u00e1rios, em junho, Bolsonaro testou duas vezes positivo para o novo coronav\u00edrus e&nbsp;precisou ficar em casa de quarentena, junto aos funcion\u00e1rios.<\/p>\n\n\n\n<p>Semanas ap\u00f3s sua cura, a&nbsp;primeira-dama tamb\u00e9m foi infectada.&nbsp;Em um levantamento feito pelo&nbsp;Metr\u00f3poles<strong>,<\/strong>&nbsp;8 servidores da Alvorada se contaminaram pelo doen\u00e7a, representando quase 10% da for\u00e7a de trabalho do local.<\/p>\n\n\n\n<p>A assessoria da Presid\u00eancia da Rep\u00fablica foi procurada pelo&nbsp;Metr\u00f3poles, mas pediu que a demanda fosse enviada a outros setores do executivo. O espa\u00e7o permanece aberto.<\/p>\n\n\n\n<h6 class=\"wp-block-heading\"><strong>\u00c1gua e Luz<\/strong><\/h6>\n\n\n\n<p>Os gastos com \u00e1gua e luz tamb\u00e9m totalizam uma quantia alta. Somente de janeiro a maio deste ano, o governo desembolsou R$377.251,23 em energia, com m\u00e9dia de R$75.450,25 por m\u00eas. Em 2019, o valor gasto em eletricidade foi semelhante, desembolsando R$370.998,93 no mesmo per\u00edodo.<\/p>\n\n\n\n<p>Quanto ao consumo de \u00e1gua, os gastos ficam divididos entre a resid\u00eancia do pal\u00e1cio da Alvorada e o viveiro do local. No total, foram gastos R$ 331.029,69 com servi\u00e7os de fornecimento de \u00e1gua e\/ou coleta de esgoto em 2020 por Jair Bolsonaro, nos meses de janeiro a maio.<\/p>\n\n\n\n<p>Somente o edif\u00edcio da casa custou R$ 150.541,96. Em 2019, a fam\u00edlia consumiu R$256.461,36 com o abastecimento, sendo R$123.594,36 com o viveiro e R$132.867 com a moradia.<\/p>\n\n\n\n<p>Somando os custos de \u00e1gua\/esgoto, energia e pagamento dos 43 funcion\u00e1rios, Bolsonaro j\u00e1 gastou R$ 969.479,89 com contas b\u00e1sicas, sem contar os demais sal\u00e1rios, limpeza e alimenta\u00e7\u00e3o.<\/p>\n\n\n\n<h6 class=\"wp-block-heading\"><strong>Governos anteriores<\/strong><\/h6>\n\n\n\n<p>Em compara\u00e7\u00e3o, em 2017, no mandato de Michel Temer (MDB), o consumo de energia da presid\u00eancia custou R$ 359.536,64 de janeiro a maio. J\u00e1 a ex-presidente Dilma Roussef (PT) gastou no ano de 2015 \u2013 o \u00faltimo dela no comando do pa\u00eds \u2013 R$ 405.531,42 com a eletricidade da casa. Em 2014, os gastos foram reduzidos, chegando a R$ 269.398,3 no mesmo per\u00edodo.<\/p>\n\n\n\n<p>J\u00e1 em 2018, Temer consumiu R$106.805,98 com o total das contas de \u00e1guas, no mesmo per\u00edodo analisado. Enquanto isso, ele gastou o triplo com o servi\u00e7o em 2017, com R$ 313.834,48 em despesas de \u00e1gua e esgoto. Nos dois casos, tanto de Bolsonaro quanto de Temer, havia tr\u00eas pessoas morando no Pal\u00e1cio. Al\u00e9m do ex-presidente, estavam l\u00e1 Marcella Temer e Michelzinho, o filho do casal.<\/p>\n\n\n\n<p>Segundo dados do governo, em 2015, o pal\u00e1cio teve custo de R$ 193.339,08 sob comando da petista Dilma. Em contrapartida, a ex-mandat\u00e1ria consumiu R$ 410.035,60 entre janeiro e maio de 2014, com o servi\u00e7o.<\/p>\n","protected":false},"excerpt":{"rendered":"<p>O Pal\u00e1cio da Alvorada, resid\u00eancia oficial do presidente da Rep\u00fablica,&nbsp;Jair Bolsonaro&nbsp;(sem partido), conta com um quadro de 43 funcion\u00e1rios para atender os tr\u00eas moradores do&hellip; <\/p>\n","protected":false},"author":2,"featured_media":183985,"comment_status":"closed","ping_status":"closed","sticky":false,"template":"","format":"standard","meta":{"sfsi_plus_gutenberg_text_before_share":"","sfsi_plus_gutenberg_show_text_before_share":"","sfsi_plus_gutenberg_icon_type":"","sfsi_plus_gutenberg_icon_alignemt":"","sfsi_plus_gutenburg_max_per_row":"","footnotes":""},"categories":[50,2],"tags":[],"class_list":["post-183984","post","type-post","status-publish","format-standard","has-post-thumbnail","hentry","category-destaque","category-geral"],"_links":{"self":[{"href":"https:\/\/www.caririemacao.com\/1\/wp-json\/wp\/v2\/posts\/183984","targetHints":{"allow":["GET"]}}],"collection":[{"href":"https:\/\/www.caririemacao.com\/1\/wp-json\/wp\/v2\/posts"}],"about":[{"href":"https:\/\/www.caririemacao.com\/1\/wp-json\/wp\/v2\/types\/post"}],"author":[{"embeddable":true,"href":"https:\/\/www.caririemacao.com\/1\/wp-json\/wp\/v2\/users\/2"}],"replies":[{"embeddable":true,"href":"https:\/\/www.caririemacao.com\/1\/wp-json\/wp\/v2\/comments?post=183984"}],"version-history":[{"count":1,"href":"https:\/\/www.caririemacao.com\/1\/wp-json\/wp\/v2\/posts\/183984\/revisions"}],"predecessor-version":[{"id":183986,"href":"https:\/\/www.caririemacao.com\/1\/wp-json\/wp\/v2\/posts\/183984\/revisions\/183986"}],"wp:featuredmedia":[{"embeddable":true,"href":"https:\/\/www.caririemacao.com\/1\/wp-json\/wp\/v2\/media\/183985"}],"wp:attachment":[{"href":"https:\/\/www.caririemacao.com\/1\/wp-json\/wp\/v2\/media?parent=183984"}],"wp:term":[{"taxonomy":"category","embeddable":true,"href":"https:\/\/www.caririemacao.com\/1\/wp-json\/wp\/v2\/categories?post=183984"},{"taxonomy":"post_tag","embeddable":true,"href":"https:\/\/www.caririemacao.com\/1\/wp-json\/wp\/v2\/tags?post=183984"}],"curies":[{"name":"wp","href":"https:\/\/api.w.org\/{rel}","templated":true}]}}