{"id":184053,"date":"2020-08-17T13:06:02","date_gmt":"2020-08-17T16:06:02","guid":{"rendered":"https:\/\/www.caririemacao.com\/1\/?p=184053"},"modified":"2020-08-17T13:06:02","modified_gmt":"2020-08-17T16:06:02","slug":"carro-que-transportava-familia-capota-e-deixa-crianca-morta-entre-o-congo-e-jatauba","status":"publish","type":"post","link":"https:\/\/www.caririemacao.com\/1\/2020\/08\/17\/carro-que-transportava-familia-capota-e-deixa-crianca-morta-entre-o-congo-e-jatauba\/","title":{"rendered":"Carro que transportava fam\u00edlia capota e deixa crian\u00e7a morta entre o Congo e Jata\u00faba"},"content":{"rendered":"\n<p>Um grave acidente automobil\u00edstico ocorrido na tarde deste domingo(16) acabou vitimando uma crian\u00e7a de apenas quatro anos de idade na altura do Km 36, entre os munic\u00edpios do Congo, Cariri da Para\u00edba e Jata\u00faba, interior do Pernambuco.<\/p>\n\n\n\n<p>A crian\u00e7a estava acompanhada de sua m\u00e3e, do pai e do av\u00f4, o senhor Jos\u00e9 Adauto da Silva, que conduzia o ve\u00edculo Gol ano 2003, cor cinza, quando no meio do trajeto entre as duas cidades o senhor Jos\u00e9 Adalto perdeu o controle do ve\u00edculo e capotou o ve\u00edculo.<\/p>\n\n\n\n<p>A crian\u00e7a veio a \u00f3bito no pr\u00f3prio local do acidente. Um dos ocupantes do ve\u00edculo foi encaminhado para o Hospital de Emerg\u00eancia e Trauma de Campina Grande.<\/p>\n\n\n\n<p>De acordo com informa\u00e7\u00f5es da Policia Militar, as causas do acidente ainda s\u00e3o desconhecidas.<\/p>\n\n\n\n<p><strong>De Olho no Cariri<\/strong><\/p>\n","protected":false},"excerpt":{"rendered":"<p>Um grave acidente automobil\u00edstico ocorrido na tarde deste domingo(16) acabou vitimando uma crian\u00e7a de apenas quatro anos de idade na altura do Km 36, entre&hellip; <\/p>\n","protected":false},"author":2,"featured_media":183084,"comment_status":"closed","ping_status":"closed","sticky":false,"template":"","format":"standard","meta":{"sfsi_plus_gutenberg_text_before_share":"","sfsi_plus_gutenberg_show_text_before_share":"","sfsi_plus_gutenberg_icon_type":"","sfsi_plus_gutenberg_icon_alignemt":"","sfsi_plus_gutenburg_max_per_row":"","footnotes":""},"categories":[12],"tags":[],"class_list":["post-184053","post","type-post","status-publish","format-standard","has-post-thumbnail","hentry","category-policia"],"_links":{"self":[{"href":"https:\/\/www.caririemacao.com\/1\/wp-json\/wp\/v2\/posts\/184053","targetHints":{"allow":["GET"]}}],"collection":[{"href":"https:\/\/www.caririemacao.com\/1\/wp-json\/wp\/v2\/posts"}],"about":[{"href":"https:\/\/www.caririemacao.com\/1\/wp-json\/wp\/v2\/types\/post"}],"author":[{"embeddable":true,"href":"https:\/\/www.caririemacao.com\/1\/wp-json\/wp\/v2\/users\/2"}],"replies":[{"embeddable":true,"href":"https:\/\/www.caririemacao.com\/1\/wp-json\/wp\/v2\/comments?post=184053"}],"version-history":[{"count":1,"href":"https:\/\/www.caririemacao.com\/1\/wp-json\/wp\/v2\/posts\/184053\/revisions"}],"predecessor-version":[{"id":184054,"href":"https:\/\/www.caririemacao.com\/1\/wp-json\/wp\/v2\/posts\/184053\/revisions\/184054"}],"wp:featuredmedia":[{"embeddable":true,"href":"https:\/\/www.caririemacao.com\/1\/wp-json\/wp\/v2\/media\/183084"}],"wp:attachment":[{"href":"https:\/\/www.caririemacao.com\/1\/wp-json\/wp\/v2\/media?parent=184053"}],"wp:term":[{"taxonomy":"category","embeddable":true,"href":"https:\/\/www.caririemacao.com\/1\/wp-json\/wp\/v2\/categories?post=184053"},{"taxonomy":"post_tag","embeddable":true,"href":"https:\/\/www.caririemacao.com\/1\/wp-json\/wp\/v2\/tags?post=184053"}],"curies":[{"name":"wp","href":"https:\/\/api.w.org\/{rel}","templated":true}]}}