{"id":184060,"date":"2020-08-17T13:18:52","date_gmt":"2020-08-17T16:18:52","guid":{"rendered":"https:\/\/www.caririemacao.com\/1\/?p=184060"},"modified":"2020-08-17T13:18:52","modified_gmt":"2020-08-17T16:18:52","slug":"meteoro-fireball-das-perseidas-ilumina-os-ceus-da-paraiba","status":"publish","type":"post","link":"https:\/\/www.caririemacao.com\/1\/2020\/08\/17\/meteoro-fireball-das-perseidas-ilumina-os-ceus-da-paraiba\/","title":{"rendered":"Meteoro &#8216;fireball&#8217; das Perseidas ilumina os c\u00e9us da Para\u00edba"},"content":{"rendered":"\n<h1 class=\"wp-block-heading\"><\/h1>\n\n\n\n<p>Um meteoro do tipo fireball (&#8220;bola de fogo&#8221;, em ingl\u00eas) foi capturado em v\u00eddeo na madrugada da \u00faltima quarta-feira (12), nos c\u00e9us de Jo\u00e3o Pessoa e Caruaru, pela rede colaborativa de astr\u00f4nomos amadores e profissionais do Brasil.&nbsp;<\/p>\n\n\n\n<p>De acordo com Marcelo Zurita, diretor t\u00e9cnico da Bramon, o meteoro \u00e9 considerado oriundo do cintur\u00e3o principal de asteroides, parte dos Perseidas, chuva de meteoros oriunda da Constela\u00e7\u00e3o de Perseu.<\/p>\n\n\n\n<p>\u00c9 um fen\u00f4meno comum, que acontece todos os anos, a partir de julho at\u00e9 meados de agosto, quando a Terra passa pela nuvem de destro\u00e7os deixada pelo cometa Swift-.<\/p>\n\n\n\n<p>Sua \u00f3rbita possu\u00eda uma inclina\u00e7\u00e3o de 8,1\u00b0 e cruzava as \u00f3rbitas de Marte, V\u00eanus e Terra, chegando a apenas 0,397 UA do Sol.<\/p>\n\n\n\n<figure class=\"wp-block-image\"><img decoding=\"async\" data-src=\"https:\/\/www.clickpb.com.br\/media\/filer_public\/42\/3f\/423f676d-0eea-44c3-a53a-3be63e27cf55\/117848762_2756536581244453_4952652146705548599_n.jpg\" alt=\"\" src=\"data:image\/svg+xml;base64,PHN2ZyB3aWR0aD0iMSIgaGVpZ2h0PSIxIiB4bWxucz0iaHR0cDovL3d3dy53My5vcmcvMjAwMC9zdmciPjwvc3ZnPg==\" class=\"lazyload\" \/><\/figure>\n\n\n\n<p>Atrav\u00e9s da an\u00e1lise das imagens, foi poss\u00edvel calcular a trajet\u00f3ria do meteoro na atmosfera e da \u00f3rbita do meteoroide antes do impacto com a Terra.&nbsp;<\/p>\n\n\n\n<p>Al\u00e9m das imagens do meteoro feitas por Marcelo Zurita, em Jo\u00e3o Pessoa, o meteoro tamb\u00e9m foi captado em grava\u00e7\u00f5es do Discovery Observatory Caruaru, no interior da Para\u00edba, por volta das 03:59h da madrugada.<\/p>\n\n\n\n<p>\u00c0s 03:59 desse do \u00faltimo dia 12 de agosto, o meteoroide atingiu a atmosfera da Terra, gerando um meteoro que surgiu a 92,6 Km de altitude sobre o munic\u00edpio de Serra da Raiz, na Para\u00edba, e seguiu na dire\u00e7\u00e3o leste, a uma velocidade de 27,5 Km\/s (99 mil Km\/h) at\u00e9 desaparecer a 56,2 Km de altitude sobre o mar da Ba\u00eda da Trai\u00e7\u00e3o, tamb\u00e9m na Para\u00edba.<\/p>\n\n\n\n<p>Confira as imagens abaixo:<\/p>\n\n\n\n<figure class=\"wp-block-image\"><img decoding=\"async\" data-src=\"https:\/\/www.clickpb.com.br\/media\/filer_public\/e5\/ac\/e5ac11c6-37cc-4b10-a7fc-c94dadd82ea2\/117927334_2756536607911117_4055116558909126379_o_1.jpg\" alt=\"\" src=\"data:image\/svg+xml;base64,PHN2ZyB3aWR0aD0iMSIgaGVpZ2h0PSIxIiB4bWxucz0iaHR0cDovL3d3dy53My5vcmcvMjAwMC9zdmciPjwvc3ZnPg==\" class=\"lazyload\" \/><\/figure>\n\n\n\n<figure class=\"wp-block-image\"><img decoding=\"async\" data-src=\"https:\/\/www.clickpb.com.br\/media\/filer_public\/e1\/82\/e182656b-5da8-4e38-b479-eaa0d090ba9f\/117929041_2756536664577778_4646992974956008922_o.jpg\" alt=\"\" src=\"data:image\/svg+xml;base64,PHN2ZyB3aWR0aD0iMSIgaGVpZ2h0PSIxIiB4bWxucz0iaHR0cDovL3d3dy53My5vcmcvMjAwMC9zdmciPjwvc3ZnPg==\" class=\"lazyload\" \/><\/figure>\n\n\n\n<figure class=\"wp-block-embed-youtube wp-block-embed is-type-rich is-provider-incorporar-manipulador wp-embed-aspect-16-9 wp-has-aspect-ratio\"><div class=\"wp-block-embed__wrapper\">\n<div class=\"ose-youtube ose-uid-589325e698caf7caffdabb09be1b7d39 ose-embedpress-responsive\" style=\"width:600px; height:550px; max-height:550px; max-width:100%; display:inline-block;\" data-embed-type=\"Youtube\"><iframe allowFullScreen=\"true\" title=\"Meteoro &#039;fireball&#039; das Perseidas capturado em v\u00eddeo em Caruaru\" width=\"600\" height=\"550\" data-src=\"https:\/\/www.youtube.com\/embed\/7i5rop3OTY8?feature=oembed&color=red&rel=0&controls=1&start=&end=&fs=0&iv_load_policy=0&autoplay=0&mute=0&modestbranding=0&cc_load_policy=1&playsinline=1\" frameborder=\"0\" allow=\"accelerometer; encrypted-media;accelerometer;autoplay;clipboard-write;gyroscope;picture-in-picture clipboard-write; encrypted-media; gyroscope; picture-in-picture; web-share\" referrerpolicy=\"strict-origin-when-cross-origin\" allowfullscreen src=\"data:image\/svg+xml;base64,PHN2ZyB3aWR0aD0iMSIgaGVpZ2h0PSIxIiB4bWxucz0iaHR0cDovL3d3dy53My5vcmcvMjAwMC9zdmciPjwvc3ZnPg==\" class=\"lazyload\" data-load-mode=\"1\"><\/iframe><\/div>\n<\/div><\/figure>\n","protected":false},"excerpt":{"rendered":"<p>Um meteoro do tipo fireball (&#8220;bola de fogo&#8221;, em ingl\u00eas) foi capturado em v\u00eddeo na madrugada da \u00faltima quarta-feira (12), nos c\u00e9us de Jo\u00e3o Pessoa&hellip; <\/p>\n","protected":false},"author":2,"featured_media":184062,"comment_status":"closed","ping_status":"closed","sticky":false,"template":"","format":"standard","meta":{"sfsi_plus_gutenberg_text_before_share":"","sfsi_plus_gutenberg_show_text_before_share":"","sfsi_plus_gutenberg_icon_type":"","sfsi_plus_gutenberg_icon_alignemt":"","sfsi_plus_gutenburg_max_per_row":"","footnotes":""},"categories":[2],"tags":[],"class_list":["post-184060","post","type-post","status-publish","format-standard","has-post-thumbnail","hentry","category-geral"],"_links":{"self":[{"href":"https:\/\/www.caririemacao.com\/1\/wp-json\/wp\/v2\/posts\/184060","targetHints":{"allow":["GET"]}}],"collection":[{"href":"https:\/\/www.caririemacao.com\/1\/wp-json\/wp\/v2\/posts"}],"about":[{"href":"https:\/\/www.caririemacao.com\/1\/wp-json\/wp\/v2\/types\/post"}],"author":[{"embeddable":true,"href":"https:\/\/www.caririemacao.com\/1\/wp-json\/wp\/v2\/users\/2"}],"replies":[{"embeddable":true,"href":"https:\/\/www.caririemacao.com\/1\/wp-json\/wp\/v2\/comments?post=184060"}],"version-history":[{"count":1,"href":"https:\/\/www.caririemacao.com\/1\/wp-json\/wp\/v2\/posts\/184060\/revisions"}],"predecessor-version":[{"id":184063,"href":"https:\/\/www.caririemacao.com\/1\/wp-json\/wp\/v2\/posts\/184060\/revisions\/184063"}],"wp:featuredmedia":[{"embeddable":true,"href":"https:\/\/www.caririemacao.com\/1\/wp-json\/wp\/v2\/media\/184062"}],"wp:attachment":[{"href":"https:\/\/www.caririemacao.com\/1\/wp-json\/wp\/v2\/media?parent=184060"}],"wp:term":[{"taxonomy":"category","embeddable":true,"href":"https:\/\/www.caririemacao.com\/1\/wp-json\/wp\/v2\/categories?post=184060"},{"taxonomy":"post_tag","embeddable":true,"href":"https:\/\/www.caririemacao.com\/1\/wp-json\/wp\/v2\/tags?post=184060"}],"curies":[{"name":"wp","href":"https:\/\/api.w.org\/{rel}","templated":true}]}}