{"id":184065,"date":"2020-08-17T13:21:30","date_gmt":"2020-08-17T16:21:30","guid":{"rendered":"https:\/\/www.caririemacao.com\/1\/?p=184065"},"modified":"2020-08-17T13:21:30","modified_gmt":"2020-08-17T16:21:30","slug":"apreensoes-de-aves-silvestres-crescem-mais-de-20-na-paraiba-este-ano-e-mais-de-dois-mil-animais-ja-foram-salvos","status":"publish","type":"post","link":"https:\/\/www.caririemacao.com\/1\/2020\/08\/17\/apreensoes-de-aves-silvestres-crescem-mais-de-20-na-paraiba-este-ano-e-mais-de-dois-mil-animais-ja-foram-salvos\/","title":{"rendered":"Apreens\u00f5es de aves silvestres crescem mais de 20% na Para\u00edba este ano e mais de dois mil animais j\u00e1 foram salvos"},"content":{"rendered":"\n<p>O Batalh\u00e3o de Pol\u00edcia Ambiental (BPAmb) ultrapassou as 2 mil apreens\u00f5es de aves silvestres, este ano, nas a\u00e7\u00f5es de combate ao tr\u00e1fico, venda e ca\u00e7a dos animais, na Para\u00edba. Nos sete primeiros meses do ano, houve um crescimento de mais de 20% das apreens\u00f5es, quando comparado com o mesmo per\u00edodo de 2019.<\/p>\n\n\n\n<p>At\u00e9 julho deste ano, conforme dados do Batalh\u00e3o de Pol\u00edcia Ambiental, foram 1.993 aves silvestres apreendidas, o que representa um aumento de mais de 20%, quando comparado com os sete primeiros meses de 2019, que teve 1.615 apreens\u00f5es.<\/p>\n\n\n\n<p>O combate aos crimes contra a fauna ser\u00e1 intensificado ainda mais com a Opera\u00e7\u00e3o Voo Livre, que foi retomada no \u00faltimo fim de semana e resultou na apreens\u00e3o de mais de 50 aves das esp\u00e9cies papa-capim, galo-de-campina, golado, gola\u00e7o, sibite, sa\u00edra-sete-cores, azul\u00e3o, tico-tico, tiziu, gaturamo-verdadeiro, sabi\u00e1-de-cabe\u00e7a-cinza, sanha\u00e7u-cinzento, sanha\u00e7u-do-coqueiro, gra\u00fana, cebolinho e can\u00e1rio-da-terra, no s\u00e1bado (15), na feira de Santa Rita.&nbsp; &nbsp;<\/p>\n\n\n\n<p>O chefe da Se\u00e7\u00e3o de Planejamento e Opera\u00e7\u00f5es (P\/3) do BPAmb, tenente Wellington Arag\u00e3o, que esteve \u00e0 frente das a\u00e7\u00f5es, lamentou a morte de uma das aves. \u201cEra uma sa\u00edra-sete-cores, ave muito bonita e rara. Infelizmente, a natureza perdeu o animal. Quando chegamos na feira de Santa Rita, a ave estava em um al\u00e7ap\u00e3o, que \u00e9 uma esp\u00e9cie de gaiola pequena que imp\u00f5e ao animal condi\u00e7\u00f5es degradantes e a ave acabou morrendo em decorr\u00eancia dessa crueldade\u201d, contou, ressaltando que a Opera\u00e7\u00e3o Voo Livre conseguiu salvar mais de 50 aves de outras 16 esp\u00e9cies.<\/p>\n\n\n\n<p>A venda, exposi\u00e7\u00e3o \u00e0 venda, exporta\u00e7\u00e3o, compra, guarda ou mesmo posse de aves silvestres em cativeiro ou dep\u00f3sito s\u00e3o condutas consideradas como crime ambiental e t\u00eam pena de seis meses a um ano, al\u00e9m de multa de R$ 500 por cada animal. Se a esp\u00e9cie for amea\u00e7ada de extin\u00e7\u00e3o, a pena \u00e9 aumentada e a multa pode chegar a R$ 5 mil por cada ave.<\/p>\n","protected":false},"excerpt":{"rendered":"<p>O Batalh\u00e3o de Pol\u00edcia Ambiental (BPAmb) ultrapassou as 2 mil apreens\u00f5es de aves silvestres, este ano, nas a\u00e7\u00f5es de combate ao tr\u00e1fico, venda e ca\u00e7a&hellip; <\/p>\n","protected":false},"author":2,"featured_media":184066,"comment_status":"closed","ping_status":"closed","sticky":false,"template":"","format":"standard","meta":{"sfsi_plus_gutenberg_text_before_share":"","sfsi_plus_gutenberg_show_text_before_share":"","sfsi_plus_gutenberg_icon_type":"","sfsi_plus_gutenberg_icon_alignemt":"","sfsi_plus_gutenburg_max_per_row":"","footnotes":""},"categories":[2],"tags":[],"class_list":["post-184065","post","type-post","status-publish","format-standard","has-post-thumbnail","hentry","category-geral"],"_links":{"self":[{"href":"https:\/\/www.caririemacao.com\/1\/wp-json\/wp\/v2\/posts\/184065","targetHints":{"allow":["GET"]}}],"collection":[{"href":"https:\/\/www.caririemacao.com\/1\/wp-json\/wp\/v2\/posts"}],"about":[{"href":"https:\/\/www.caririemacao.com\/1\/wp-json\/wp\/v2\/types\/post"}],"author":[{"embeddable":true,"href":"https:\/\/www.caririemacao.com\/1\/wp-json\/wp\/v2\/users\/2"}],"replies":[{"embeddable":true,"href":"https:\/\/www.caririemacao.com\/1\/wp-json\/wp\/v2\/comments?post=184065"}],"version-history":[{"count":1,"href":"https:\/\/www.caririemacao.com\/1\/wp-json\/wp\/v2\/posts\/184065\/revisions"}],"predecessor-version":[{"id":184067,"href":"https:\/\/www.caririemacao.com\/1\/wp-json\/wp\/v2\/posts\/184065\/revisions\/184067"}],"wp:featuredmedia":[{"embeddable":true,"href":"https:\/\/www.caririemacao.com\/1\/wp-json\/wp\/v2\/media\/184066"}],"wp:attachment":[{"href":"https:\/\/www.caririemacao.com\/1\/wp-json\/wp\/v2\/media?parent=184065"}],"wp:term":[{"taxonomy":"category","embeddable":true,"href":"https:\/\/www.caririemacao.com\/1\/wp-json\/wp\/v2\/categories?post=184065"},{"taxonomy":"post_tag","embeddable":true,"href":"https:\/\/www.caririemacao.com\/1\/wp-json\/wp\/v2\/tags?post=184065"}],"curies":[{"name":"wp","href":"https:\/\/api.w.org\/{rel}","templated":true}]}}