{"id":184069,"date":"2020-08-17T13:23:22","date_gmt":"2020-08-17T16:23:22","guid":{"rendered":"https:\/\/www.caririemacao.com\/1\/?p=184069"},"modified":"2020-08-17T13:23:22","modified_gmt":"2020-08-17T16:23:22","slug":"prf-capacita-agentes-para-iniciar-fiscalizacoes-com-drones-em-rodovias-da-paraiba","status":"publish","type":"post","link":"https:\/\/www.caririemacao.com\/1\/2020\/08\/17\/prf-capacita-agentes-para-iniciar-fiscalizacoes-com-drones-em-rodovias-da-paraiba\/","title":{"rendered":"PRF capacita agentes para iniciar fiscaliza\u00e7\u00f5es com drones em rodovias da Para\u00edba"},"content":{"rendered":"\n<p>A Pol\u00edcia Rodovi\u00e1ria Federal (PRF) ir\u00e1 realizar a capacita\u00e7\u00e3o de agentes para iniciar a fiscaliza\u00e7\u00e3o com uso de drones nas rodovias da Para\u00edba. De acordo com a PRF, &#8220;alguns agentes j\u00e1 s\u00e3o capacitados para utilizar o equipamento, por\u00e9m para realizar as fiscaliza\u00e7\u00f5es, o \u00f3rg\u00e3o ir\u00e1 capacitar outros policiais&#8221;.&nbsp;<\/p>\n\n\n\n<p>At\u00e9 o momento, ainda n\u00e3o h\u00e1 uma data para in\u00edcio das opera\u00e7\u00f5es de fiscaliza\u00e7\u00e3o com drone, de acordo com informa\u00e7\u00f5es da PRF. No entanto, a Para\u00edba j\u00e1 possui os drones que ser\u00e3o utilizados.&nbsp;<\/p>\n\n\n\n<p>O n\u00famero total de equipamentos permanece em sigilo por parte da equipe da PRF na Para\u00edba por quest\u00f5es estrat\u00e9gicas e para que os drones n\u00e3o sejam caracterizados.<\/p>\n","protected":false},"excerpt":{"rendered":"<p>A Pol\u00edcia Rodovi\u00e1ria Federal (PRF) ir\u00e1 realizar a capacita\u00e7\u00e3o de agentes para iniciar a fiscaliza\u00e7\u00e3o com uso de drones nas rodovias da Para\u00edba. De acordo&hellip; <\/p>\n","protected":false},"author":2,"featured_media":184070,"comment_status":"closed","ping_status":"closed","sticky":false,"template":"","format":"standard","meta":{"sfsi_plus_gutenberg_text_before_share":"","sfsi_plus_gutenberg_show_text_before_share":"","sfsi_plus_gutenberg_icon_type":"","sfsi_plus_gutenberg_icon_alignemt":"","sfsi_plus_gutenburg_max_per_row":"","footnotes":""},"categories":[2],"tags":[],"class_list":["post-184069","post","type-post","status-publish","format-standard","has-post-thumbnail","hentry","category-geral"],"_links":{"self":[{"href":"https:\/\/www.caririemacao.com\/1\/wp-json\/wp\/v2\/posts\/184069","targetHints":{"allow":["GET"]}}],"collection":[{"href":"https:\/\/www.caririemacao.com\/1\/wp-json\/wp\/v2\/posts"}],"about":[{"href":"https:\/\/www.caririemacao.com\/1\/wp-json\/wp\/v2\/types\/post"}],"author":[{"embeddable":true,"href":"https:\/\/www.caririemacao.com\/1\/wp-json\/wp\/v2\/users\/2"}],"replies":[{"embeddable":true,"href":"https:\/\/www.caririemacao.com\/1\/wp-json\/wp\/v2\/comments?post=184069"}],"version-history":[{"count":1,"href":"https:\/\/www.caririemacao.com\/1\/wp-json\/wp\/v2\/posts\/184069\/revisions"}],"predecessor-version":[{"id":184071,"href":"https:\/\/www.caririemacao.com\/1\/wp-json\/wp\/v2\/posts\/184069\/revisions\/184071"}],"wp:featuredmedia":[{"embeddable":true,"href":"https:\/\/www.caririemacao.com\/1\/wp-json\/wp\/v2\/media\/184070"}],"wp:attachment":[{"href":"https:\/\/www.caririemacao.com\/1\/wp-json\/wp\/v2\/media?parent=184069"}],"wp:term":[{"taxonomy":"category","embeddable":true,"href":"https:\/\/www.caririemacao.com\/1\/wp-json\/wp\/v2\/categories?post=184069"},{"taxonomy":"post_tag","embeddable":true,"href":"https:\/\/www.caririemacao.com\/1\/wp-json\/wp\/v2\/tags?post=184069"}],"curies":[{"name":"wp","href":"https:\/\/api.w.org\/{rel}","templated":true}]}}