{"id":184094,"date":"2020-08-18T06:45:00","date_gmt":"2020-08-18T09:45:00","guid":{"rendered":"https:\/\/www.caririemacao.com\/1\/?p=184094"},"modified":"2020-08-18T06:45:00","modified_gmt":"2020-08-18T09:45:00","slug":"inss-anuncia-que-fara-prova-de-vida-com-500-mil-pessoas","status":"publish","type":"post","link":"https:\/\/www.caririemacao.com\/1\/2020\/08\/18\/inss-anuncia-que-fara-prova-de-vida-com-500-mil-pessoas\/","title":{"rendered":"INSS anuncia que far\u00e1 prova de vida com 500 mil pessoas"},"content":{"rendered":"\n<h1 class=\"wp-block-heading\"><\/h1>\n\n\n\n<p>A novidade vai permitir que aposentados e pensionistas passem a realizar o procedimento anual via o envio de uma esp\u00e9cie de selfie, sem a necessidade de ir a uma ag\u00eancia banc\u00e1ria.<br>Os primeiros contatos com os segurados come\u00e7am a ser realizados ainda nesta semana pelo INSS, por meio de mensagens enviadas pelo Meu INSS, central 135 e email.<\/p>\n\n\n\n<p>Estes segurados, em sua maioria, afirma o \u00f3rg\u00e3o, j\u00e1 deveriam ter realizado o procedimento da prova de vida, portanto, \u00e9 importante que realizem o procedimento caso sejam contatados pelo INSS.<\/p>\n\n\n\n<p>Para realizar a biometria facial, o INSS afirma que usar\u00e1 a base de dados do Denatran (Departamento Nacional de Tr\u00e2nsito) e do TSE (Tribunal Superior Eleitoral). Ser\u00e3o selecionados, portanto, segurados que tenham carteira de motorista e t\u00edtulo de eleitor.<\/p>\n\n\n\n<p>Tamb\u00e9m ser\u00e1 necess\u00e1rio acesso \u00e0 internet e a um smarthphone. Caso o cidad\u00e3o n\u00e3o tenha acesso a esses recursos, a prova de vida seguir\u00e1 sendo realizada nas ag\u00eancias banc\u00e1rias.<\/p>\n\n\n\n<p>\u201cVale salientar que este \u00e9 um projeto-piloto de prova de vida por biometria. Portanto, nesta etapa, o INSS, em parceria com a Secretaria de Governo Digital e a Dataprev, far\u00e3o os ajustes necess\u00e1rios para que o procedimento digital possa ser implementado com seguran\u00e7a, posteriormente, para todos os benefici\u00e1rios\u201d, informa o \u00f3rg\u00e3o.<\/p>\n\n\n\n<p>O INSS destaca, ainda, que o benefici\u00e1rio que participar do teste e realizar a prova de vida por biometria ter\u00e1 o procedimento efetivado, ou seja, n\u00e3o \u00e9 um teste. A f\u00e9 de vida valer\u00e1 e o segurado n\u00e3o precisar\u00e1 se deslocar at\u00e9 uma ag\u00eancia banc\u00e1ria para o processo.<\/p>\n\n\n\n<p>Prova de vida: como \u00e9 hoje A prova de vida \u00e9 obrigat\u00f3ria para os segurados do INSS que recebem seu benef\u00edcio por meio de conta-corrente, conta poupan\u00e7a ou cart\u00e3o magn\u00e9tico.<\/p>\n\n\n\n<p>Atualmente, o procedimento est\u00e1 suspendo devido \u00e0 pandemia do coronav\u00edrus. O INSS afirma que a exig\u00eancia ser\u00e1 retomada em setembro.<\/p>\n\n\n\n<p>Anualmente, os segurados devem comprovar que est\u00e3o vivos, como forma de dar mais seguran\u00e7a ao pr\u00f3prio cidad\u00e3o e ao Estado brasileiro, evitando fraudes e pagamentos indevidos de benef\u00edcios.<\/p>\n","protected":false},"excerpt":{"rendered":"<p>A novidade vai permitir que aposentados e pensionistas passem a realizar o procedimento anual via o envio de uma esp\u00e9cie de selfie, sem a necessidade&hellip; <\/p>\n","protected":false},"author":2,"featured_media":184095,"comment_status":"closed","ping_status":"closed","sticky":false,"template":"","format":"standard","meta":{"sfsi_plus_gutenberg_text_before_share":"","sfsi_plus_gutenberg_show_text_before_share":"","sfsi_plus_gutenberg_icon_type":"","sfsi_plus_gutenberg_icon_alignemt":"","sfsi_plus_gutenburg_max_per_row":"","footnotes":""},"categories":[2],"tags":[],"class_list":["post-184094","post","type-post","status-publish","format-standard","has-post-thumbnail","hentry","category-geral"],"_links":{"self":[{"href":"https:\/\/www.caririemacao.com\/1\/wp-json\/wp\/v2\/posts\/184094","targetHints":{"allow":["GET"]}}],"collection":[{"href":"https:\/\/www.caririemacao.com\/1\/wp-json\/wp\/v2\/posts"}],"about":[{"href":"https:\/\/www.caririemacao.com\/1\/wp-json\/wp\/v2\/types\/post"}],"author":[{"embeddable":true,"href":"https:\/\/www.caririemacao.com\/1\/wp-json\/wp\/v2\/users\/2"}],"replies":[{"embeddable":true,"href":"https:\/\/www.caririemacao.com\/1\/wp-json\/wp\/v2\/comments?post=184094"}],"version-history":[{"count":1,"href":"https:\/\/www.caririemacao.com\/1\/wp-json\/wp\/v2\/posts\/184094\/revisions"}],"predecessor-version":[{"id":184096,"href":"https:\/\/www.caririemacao.com\/1\/wp-json\/wp\/v2\/posts\/184094\/revisions\/184096"}],"wp:featuredmedia":[{"embeddable":true,"href":"https:\/\/www.caririemacao.com\/1\/wp-json\/wp\/v2\/media\/184095"}],"wp:attachment":[{"href":"https:\/\/www.caririemacao.com\/1\/wp-json\/wp\/v2\/media?parent=184094"}],"wp:term":[{"taxonomy":"category","embeddable":true,"href":"https:\/\/www.caririemacao.com\/1\/wp-json\/wp\/v2\/categories?post=184094"},{"taxonomy":"post_tag","embeddable":true,"href":"https:\/\/www.caririemacao.com\/1\/wp-json\/wp\/v2\/tags?post=184094"}],"curies":[{"name":"wp","href":"https:\/\/api.w.org\/{rel}","templated":true}]}}