{"id":184099,"date":"2020-08-18T06:47:42","date_gmt":"2020-08-18T09:47:42","guid":{"rendered":"https:\/\/www.caririemacao.com\/1\/?p=184099"},"modified":"2020-08-18T06:47:42","modified_gmt":"2020-08-18T09:47:42","slug":"mec-vai-disponibilizar-internet-para-alunos-de-universidades-federais","status":"publish","type":"post","link":"https:\/\/www.caririemacao.com\/1\/2020\/08\/18\/mec-vai-disponibilizar-internet-para-alunos-de-universidades-federais\/","title":{"rendered":"MEC vai disponibilizar internet para alunos de universidades federais"},"content":{"rendered":"\n<h1 class=\"wp-block-heading\"><\/h1>\n\n\n\n<p>O Minist\u00e9rio da Educa\u00e7\u00e3o (MEC) informou que vai disponibilizar acesso \u00e0 internet para alunos de universidades e de institutos federais em situa\u00e7\u00e3o de vulnerabilidade social, para que possam acompanhar as aulas durante o per\u00edodo de isolamento social adotado para evitar a dissemina\u00e7\u00e3o do novo coronav\u00edrus.<\/p>\n\n\n\n<p>A princ\u00edpio ser\u00e3o beneficiados 400 mil alunos com renda familiar inferior a meio sal\u00e1rio-m\u00ednimo, mas a ideia \u00e9 que esse n\u00famero chegue a 900 mil alunos cuja renda familiar seja de at\u00e9 1,5 sal\u00e1rio-m\u00ednimo.<\/p>\n\n\n\n<p>A medida foi anunciada hoje (17) em coletiva de imprensa online. De acordo com o MEC, a expectativa \u00e9 de que a benef\u00edcio abranja 797 munic\u00edpios com campi de Institui\u00e7\u00f5es Federais de Ensino Superior (IFES) e Institutos Federais (IF).<\/p>\n\n\n\n<p>Ao fazer o an\u00fancio, o ministro da Educa\u00e7\u00e3o, Milton Ribeiro, disse que a demora para se implementar a medida, ap\u00f3s cinco meses de isolamento em decorr\u00eancia da pandemia do novo coronav\u00edrus, se deve \u00e0 burocracia interna do Estado.<\/p>\n\n\n\n<p>Aos 400 mil alunos com renda familiar de at\u00e9 meio sal\u00e1rio-m\u00ednimo ser\u00e3o disponibilizados b\u00f4nus de dados m\u00f3veis que ser\u00e3o gerenciados pela institui\u00e7\u00e3o de ensino.<\/p>\n\n\n\n<p>Eles ter\u00e3o validade de 90 dias e os cr\u00e9ditos ser\u00e3o de 10 gigabytes a 40 gigabytes. H\u00e1 tamb\u00e9m a possibilidade de fornecimento de pacotes de dados m\u00f3veis por meio de chips pr\u00e9-pagos, que ter\u00e3o validade de 30 dias e cr\u00e9ditos de dados que variam de 5 gigabytes a 40 gigabytes.<\/p>\n\n\n\n<p>Ainda segundo a pasta, a solu\u00e7\u00e3o encontrada \u201cdemonstra a viabilidade para um modelo de inclus\u00e3o nos domic\u00edlios de alunos e professores em bandas larga fixa e m\u00f3vel a partir de 2021\u201d.<\/p>\n","protected":false},"excerpt":{"rendered":"<p>O Minist\u00e9rio da Educa\u00e7\u00e3o (MEC) informou que vai disponibilizar acesso \u00e0 internet para alunos de universidades e de institutos federais em situa\u00e7\u00e3o de vulnerabilidade social,&hellip; <\/p>\n","protected":false},"author":2,"featured_media":184100,"comment_status":"closed","ping_status":"closed","sticky":false,"template":"","format":"standard","meta":{"sfsi_plus_gutenberg_text_before_share":"","sfsi_plus_gutenberg_show_text_before_share":"","sfsi_plus_gutenberg_icon_type":"","sfsi_plus_gutenberg_icon_alignemt":"","sfsi_plus_gutenburg_max_per_row":"","footnotes":""},"categories":[50,14],"tags":[],"class_list":["post-184099","post","type-post","status-publish","format-standard","has-post-thumbnail","hentry","category-destaque","category-educacao"],"_links":{"self":[{"href":"https:\/\/www.caririemacao.com\/1\/wp-json\/wp\/v2\/posts\/184099","targetHints":{"allow":["GET"]}}],"collection":[{"href":"https:\/\/www.caririemacao.com\/1\/wp-json\/wp\/v2\/posts"}],"about":[{"href":"https:\/\/www.caririemacao.com\/1\/wp-json\/wp\/v2\/types\/post"}],"author":[{"embeddable":true,"href":"https:\/\/www.caririemacao.com\/1\/wp-json\/wp\/v2\/users\/2"}],"replies":[{"embeddable":true,"href":"https:\/\/www.caririemacao.com\/1\/wp-json\/wp\/v2\/comments?post=184099"}],"version-history":[{"count":1,"href":"https:\/\/www.caririemacao.com\/1\/wp-json\/wp\/v2\/posts\/184099\/revisions"}],"predecessor-version":[{"id":184101,"href":"https:\/\/www.caririemacao.com\/1\/wp-json\/wp\/v2\/posts\/184099\/revisions\/184101"}],"wp:featuredmedia":[{"embeddable":true,"href":"https:\/\/www.caririemacao.com\/1\/wp-json\/wp\/v2\/media\/184100"}],"wp:attachment":[{"href":"https:\/\/www.caririemacao.com\/1\/wp-json\/wp\/v2\/media?parent=184099"}],"wp:term":[{"taxonomy":"category","embeddable":true,"href":"https:\/\/www.caririemacao.com\/1\/wp-json\/wp\/v2\/categories?post=184099"},{"taxonomy":"post_tag","embeddable":true,"href":"https:\/\/www.caririemacao.com\/1\/wp-json\/wp\/v2\/tags?post=184099"}],"curies":[{"name":"wp","href":"https:\/\/api.w.org\/{rel}","templated":true}]}}