{"id":184118,"date":"2020-08-18T07:36:24","date_gmt":"2020-08-18T10:36:24","guid":{"rendered":"https:\/\/www.caririemacao.com\/1\/?p=184118"},"modified":"2020-08-18T07:36:24","modified_gmt":"2020-08-18T10:36:24","slug":"homem-e-encontrado-morto-dentro-de-casa-em-cidade-do-cariri","status":"publish","type":"post","link":"https:\/\/www.caririemacao.com\/1\/2020\/08\/18\/homem-e-encontrado-morto-dentro-de-casa-em-cidade-do-cariri\/","title":{"rendered":"Homem \u00e9 encontrado morto dentro de casa em cidade do Cariri"},"content":{"rendered":"\n<h1 class=\"wp-block-heading\"><\/h1>\n\n\n\n<p>A Pol\u00edcia Militar recebeu a informa\u00e7\u00e3o de que populares haviam encontrado um cad\u00e1ver na cidade da Prata, Cariri da Para\u00edba.<\/p>\n\n\n\n<p>Os PMs foram at\u00e9 local, e encontraram o corpo de um homem de 64 anos de idade. O mesmo estava no interior de sua resid\u00eancia e n\u00e3o apresentava sinais de viol\u00eancias.<\/p>\n\n\n\n<p>Segundo as testemunhas que s\u00e3o familiares, o mesmo apresentava problemas de sa\u00fade, que foi atestado pelo, o m\u00e9dico do hospital local como morte natural.<\/p>\n","protected":false},"excerpt":{"rendered":"<p>A Pol\u00edcia Militar recebeu a informa\u00e7\u00e3o de que populares haviam encontrado um cad\u00e1ver na cidade da Prata, Cariri da Para\u00edba. Os PMs foram at\u00e9 local,&hellip; <\/p>\n","protected":false},"author":2,"featured_media":180616,"comment_status":"closed","ping_status":"closed","sticky":false,"template":"","format":"standard","meta":{"sfsi_plus_gutenberg_text_before_share":"","sfsi_plus_gutenberg_show_text_before_share":"","sfsi_plus_gutenberg_icon_type":"","sfsi_plus_gutenberg_icon_alignemt":"","sfsi_plus_gutenburg_max_per_row":"","footnotes":""},"categories":[12],"tags":[],"class_list":["post-184118","post","type-post","status-publish","format-standard","has-post-thumbnail","hentry","category-policia"],"_links":{"self":[{"href":"https:\/\/www.caririemacao.com\/1\/wp-json\/wp\/v2\/posts\/184118","targetHints":{"allow":["GET"]}}],"collection":[{"href":"https:\/\/www.caririemacao.com\/1\/wp-json\/wp\/v2\/posts"}],"about":[{"href":"https:\/\/www.caririemacao.com\/1\/wp-json\/wp\/v2\/types\/post"}],"author":[{"embeddable":true,"href":"https:\/\/www.caririemacao.com\/1\/wp-json\/wp\/v2\/users\/2"}],"replies":[{"embeddable":true,"href":"https:\/\/www.caririemacao.com\/1\/wp-json\/wp\/v2\/comments?post=184118"}],"version-history":[{"count":1,"href":"https:\/\/www.caririemacao.com\/1\/wp-json\/wp\/v2\/posts\/184118\/revisions"}],"predecessor-version":[{"id":184119,"href":"https:\/\/www.caririemacao.com\/1\/wp-json\/wp\/v2\/posts\/184118\/revisions\/184119"}],"wp:featuredmedia":[{"embeddable":true,"href":"https:\/\/www.caririemacao.com\/1\/wp-json\/wp\/v2\/media\/180616"}],"wp:attachment":[{"href":"https:\/\/www.caririemacao.com\/1\/wp-json\/wp\/v2\/media?parent=184118"}],"wp:term":[{"taxonomy":"category","embeddable":true,"href":"https:\/\/www.caririemacao.com\/1\/wp-json\/wp\/v2\/categories?post=184118"},{"taxonomy":"post_tag","embeddable":true,"href":"https:\/\/www.caririemacao.com\/1\/wp-json\/wp\/v2\/tags?post=184118"}],"curies":[{"name":"wp","href":"https:\/\/api.w.org\/{rel}","templated":true}]}}