{"id":184121,"date":"2020-08-18T07:38:12","date_gmt":"2020-08-18T10:38:12","guid":{"rendered":"https:\/\/www.caririemacao.com\/1\/?p=184121"},"modified":"2020-08-18T07:38:12","modified_gmt":"2020-08-18T10:38:12","slug":"joao-azevedo-quer-que-todos-os-partidos-aliados-apoiem-candidatura-escolhida-pelo-cidadania","status":"publish","type":"post","link":"https:\/\/www.caririemacao.com\/1\/2020\/08\/18\/joao-azevedo-quer-que-todos-os-partidos-aliados-apoiem-candidatura-escolhida-pelo-cidadania\/","title":{"rendered":"Jo\u00e3o Azev\u00eado quer que todos os partidos aliados apoiem candidatura escolhida pelo Cidadania"},"content":{"rendered":"\n<h1 class=\"wp-block-heading\"><\/h1>\n\n\n\n<p>O governador da Para\u00edba, Jo\u00e3o Azev\u00eado, afirmou que vai trabalhar para unir todos os partidos da base aliada do Governo em apoio \u00e0 candidatura escolhida pelo Cidadania. Embora o partido ainda n\u00e3o tenha definido quem ser\u00e1 seu candidato \u00e0 prefeitura de Jo\u00e3o Pessoa, o governador j\u00e1 informou que pretende angariar o apoio de todos os aliados.<\/p>\n\n\n\n<p>A informa\u00e7\u00e3o foi divulgada pelo jornalista Lu\u00eds T\u00f4rres durante o programa Arapuan Verdade, da Arapuan FM, nesta segunda-feira (17). Segundo ele, cidadania tende a apoiar a candidatura de C\u00edcero Lucena (PP).<\/p>\n\n\n\n<p>O jornalista lembrou que muitos dos partidos aliados j\u00e1 possuem pr\u00e9-candidaturas pr\u00f3prias lan\u00e7adas. \u00c9 o caso do Democratas, que tem Raoni Mendes como pr\u00e9-candidato; do PTB, cujo pr\u00e9-candidato \u00e9 Wilson Filho; do PRTB, que tem Eduardo Carneiro como pr\u00e9-candidato; e do PT, cujo pr\u00e9-candidato \u00e9 An\u00edsio Maia.<\/p>\n\n\n\n<p>Em outras ocasi\u00f5es, o governador j\u00e1 havia dito que respeita o direito dos partidos lan\u00e7arem candidaturas pr\u00f3prias.<\/p>\n\n\n\n<p><em>Click PB<\/em><\/p>\n","protected":false},"excerpt":{"rendered":"<p>O governador da Para\u00edba, Jo\u00e3o Azev\u00eado, afirmou que vai trabalhar para unir todos os partidos da base aliada do Governo em apoio \u00e0 candidatura escolhida&hellip; <\/p>\n","protected":false},"author":2,"featured_media":184122,"comment_status":"closed","ping_status":"closed","sticky":false,"template":"","format":"standard","meta":{"sfsi_plus_gutenberg_text_before_share":"","sfsi_plus_gutenberg_show_text_before_share":"","sfsi_plus_gutenberg_icon_type":"","sfsi_plus_gutenberg_icon_alignemt":"","sfsi_plus_gutenburg_max_per_row":"","footnotes":""},"categories":[11],"tags":[],"class_list":["post-184121","post","type-post","status-publish","format-standard","has-post-thumbnail","hentry","category-politica"],"_links":{"self":[{"href":"https:\/\/www.caririemacao.com\/1\/wp-json\/wp\/v2\/posts\/184121","targetHints":{"allow":["GET"]}}],"collection":[{"href":"https:\/\/www.caririemacao.com\/1\/wp-json\/wp\/v2\/posts"}],"about":[{"href":"https:\/\/www.caririemacao.com\/1\/wp-json\/wp\/v2\/types\/post"}],"author":[{"embeddable":true,"href":"https:\/\/www.caririemacao.com\/1\/wp-json\/wp\/v2\/users\/2"}],"replies":[{"embeddable":true,"href":"https:\/\/www.caririemacao.com\/1\/wp-json\/wp\/v2\/comments?post=184121"}],"version-history":[{"count":1,"href":"https:\/\/www.caririemacao.com\/1\/wp-json\/wp\/v2\/posts\/184121\/revisions"}],"predecessor-version":[{"id":184123,"href":"https:\/\/www.caririemacao.com\/1\/wp-json\/wp\/v2\/posts\/184121\/revisions\/184123"}],"wp:featuredmedia":[{"embeddable":true,"href":"https:\/\/www.caririemacao.com\/1\/wp-json\/wp\/v2\/media\/184122"}],"wp:attachment":[{"href":"https:\/\/www.caririemacao.com\/1\/wp-json\/wp\/v2\/media?parent=184121"}],"wp:term":[{"taxonomy":"category","embeddable":true,"href":"https:\/\/www.caririemacao.com\/1\/wp-json\/wp\/v2\/categories?post=184121"},{"taxonomy":"post_tag","embeddable":true,"href":"https:\/\/www.caririemacao.com\/1\/wp-json\/wp\/v2\/tags?post=184121"}],"curies":[{"name":"wp","href":"https:\/\/api.w.org\/{rel}","templated":true}]}}